{"id":86582,"date":"2017-12-01T21:05:04","date_gmt":"2017-12-01T23:05:04","guid":{"rendered":"http:\/\/diarioregionaljf.com.br\/2017\/12\/01\/exportacoes-devem-ser-feitas-por-meio-de-portal-unico-a-partir-de-julho-de-2018\/"},"modified":"2017-12-01T21:05:04","modified_gmt":"2017-12-01T23:05:04","slug":"exportacoes-devem-ser-feitas-por-meio-de-portal-unico-a-partir-de-julho-de-2018","status":"publish","type":"post","link":"https:\/\/diarioregionaldigital.com.br\/?p=86582","title":{"rendered":"Exporta\u00e7\u00f5es devem ser feitas por meio de portal \u00fanico a partir de julho de 2018"},"content":{"rendered":"<p>A partir do dia 2 de julho de 2018, exportadores de todo o Brasil dever\u00e3o migrar completamente suas opera\u00e7\u00f5es para o Novo Processo de Exporta\u00e7\u00f5es do Portal \u00danico de Com\u00e9rcio Exterior. A decis\u00e3o foi tomada pela Comiss\u00e3o Gestora do Sistema Integrado de Com\u00e9rcio Exterior (Siscomex).<\/p>\n<p>A partir dessa data, ser\u00e3o interrompidos os novos registros nos m\u00f3dulos Novoex, DE-Hod e DE Web, sistemas atualmente utilizados para a realiza\u00e7\u00e3o de exporta\u00e7\u00f5es. Entretanto, esses m\u00f3dulos permanecer\u00e3o dispon\u00edveis para consultas e retifica\u00e7\u00f5es dos registros previamente efetuados.<\/p>\n<p>Segundo o Minist\u00e9rio da Ind\u00fastria, Com\u00e9rcio Exterior e Servi\u00e7os (MDIC), at\u00e9 que o desligamento desses m\u00f3dulos ocorra, a Secretaria de Com\u00e9rcio Exterior (Secex) e a Receita Federal do Brasil ir\u00e3o intensificar as a\u00e7\u00f5es de divulga\u00e7\u00e3o e capacita\u00e7\u00e3o dos operadores de com\u00e9rcio exterior para garantir que a transi\u00e7\u00e3o entre os sistemas aconte\u00e7a de maneira segura e previs\u00edvel.<\/p>\n<p>A data limite para a migra\u00e7\u00e3o das opera\u00e7\u00f5es de importa\u00e7\u00e3o ainda ser\u00e1 oportunamente definida e divulgada, segundo a pasta.<\/p>\n<hr \/>\n<p>&nbsp;Fonte: Ag\u00eancia Brasil<\/p>\n","protected":false},"excerpt":{"rendered":"<p>A partir do dia 2 de julho de 2018, exportadores de todo o Brasil dever\u00e3o migrar completamente suas opera\u00e7\u00f5es para o Novo Processo de Exporta\u00e7\u00f5es do Portal \u00danico de Com\u00e9rcio Exterior. A decis\u00e3o foi tomada pela Comiss\u00e3o Gestora do Sistema Integrado de Com\u00e9rcio Exterior (Siscomex). A partir dessa data, ser\u00e3o interrompidos os novos registros nos [&hellip;]<\/p>\n","protected":false},"author":96,"featured_media":86581,"comment_status":"closed","ping_status":"closed","sticky":false,"template":"","format":"standard","meta":{"footnotes":""},"categories":[261],"tags":[],"class_list":["post-86582","post","type-post","status-publish","format-standard","has-post-thumbnail","hentry","category-economia"],"_links":{"self":[{"href":"https:\/\/diarioregionaldigital.com.br\/index.php?rest_route=\/wp\/v2\/posts\/86582","targetHints":{"allow":["GET"]}}],"collection":[{"href":"https:\/\/diarioregionaldigital.com.br\/index.php?rest_route=\/wp\/v2\/posts"}],"about":[{"href":"https:\/\/diarioregionaldigital.com.br\/index.php?rest_route=\/wp\/v2\/types\/post"}],"author":[{"embeddable":true,"href":"https:\/\/diarioregionaldigital.com.br\/index.php?rest_route=\/wp\/v2\/users\/96"}],"replies":[{"embeddable":true,"href":"https:\/\/diarioregionaldigital.com.br\/index.php?rest_route=%2Fwp%2Fv2%2Fcomments&post=86582"}],"version-history":[{"count":0,"href":"https:\/\/diarioregionaldigital.com.br\/index.php?rest_route=\/wp\/v2\/posts\/86582\/revisions"}],"wp:featuredmedia":[{"embeddable":true,"href":"https:\/\/diarioregionaldigital.com.br\/index.php?rest_route=\/wp\/v2\/media\/86581"}],"wp:attachment":[{"href":"https:\/\/diarioregionaldigital.com.br\/index.php?rest_route=%2Fwp%2Fv2%2Fmedia&parent=86582"}],"wp:term":[{"taxonomy":"category","embeddable":true,"href":"https:\/\/diarioregionaldigital.com.br\/index.php?rest_route=%2Fwp%2Fv2%2Fcategories&post=86582"},{"taxonomy":"post_tag","embeddable":true,"href":"https:\/\/diarioregionaldigital.com.br\/index.php?rest_route=%2Fwp%2Fv2%2Ftags&post=86582"}],"curies":[{"name":"wp","href":"https:\/\/api.w.org\/{rel}","templated":true}]}}