{"id":86580,"date":"2017-12-01T21:01:13","date_gmt":"2017-12-01T23:01:13","guid":{"rendered":"http:\/\/diarioregionaljf.com.br\/2017\/12\/01\/meirelles-diz-que-pib-mostra-que-brasil-segue-trajetoria-de-crescimento\/"},"modified":"2017-12-01T21:01:13","modified_gmt":"2017-12-01T23:01:13","slug":"meirelles-diz-que-pib-mostra-que-brasil-segue-trajetoria-de-crescimento","status":"publish","type":"post","link":"https:\/\/diarioregionaldigital.com.br\/?p=86580","title":{"rendered":"Meirelles diz que PIB mostra que Brasil segue trajet\u00f3ria de crescimento"},"content":{"rendered":"<p>O ministro da Fazenda, Henrique Meirelles, diz que o resultado do Produto Interno Bruto (PIB, a soma de todas as riquezas produzidas no pa\u00eds) divulgado nesta sexta-feira, 1\u00ba, apesar de baixo, &#8220;mostra que o Brasil segue uma trajet\u00f3ria de crescimento&#8221;. Pelo Twitter, o ministro afirma ainda que o avan\u00e7o no investimento &#8220;mostra otimismo em rela\u00e7\u00e3o ao futuro&#8221;. O ministro do Planejamento, Desenvolvimento e Gest\u00e3o, Dyogo Oliveira, que tamb\u00e9m comentou os resultados na rede social, diz que a recupera\u00e7\u00e3o da economia est\u00e1 consolidada.<\/p>\n<p>Os dados das contas trimestrais referentes ao terceiro trimestre do ano foram divulgados pelo Instituto Brasileiro de Geografia e Estat\u00edstica (IBGE). O PIB fechou o terceiro trimestre de 2017 com alta de 0,1% na compara\u00e7\u00e3o com o segundo trimestre, na s\u00e9rie ajustada sazonalmente. Foi a terceira alta consecutiva. Na compara\u00e7\u00e3o com o terceiro trimestre do ano passado, o crescimento do PIB foi de 1,4%.<\/p>\n<p>De acordo com Meirelles, o crescimento do PIB entre julho e setembro, de 0,1% &#8220;pode parecer baixo, mas \u00e9 forte se analisado por setores. Sem a agricultura, que caiu por raz\u00f5es sazonais, o crescimento foi de 1,1%&#8221;. O ministro destaca ainda que o avan\u00e7o acumulado no ano at\u00e9 setembro \u00e9 de 0,6%, &#8220;n\u00famero que j\u00e1 supera a previs\u00e3o inicial dos economistas para 2017&#8221;.<\/p>\n<p>Al\u00e9m disso, ressalta que a produ\u00e7\u00e3o das f\u00e1bricas instaladas no pa\u00eds cresceu 0,8% entre julho e setembro. As empresas de transforma\u00e7\u00e3o, por exemplo, registraram no per\u00edodo um crescimento de 1,4%. &#8220;O investimento cresceu 1,6% no 3\u00ba trimestre. Foi o primeiro resultado positivo ap\u00f3s 15 trimestres seguidos de queda. O avan\u00e7o mostra otimismo em rela\u00e7\u00e3o ao futuro&#8221;, diz Meirelles.<\/p>\n<p><strong>Recupera\u00e7\u00e3o consolidada<\/strong><\/p>\n<p>Tamb\u00e9m pelo Twitter, o ministro do Planejamento, Dyogo Oliveira, diz que os dados do PIB mostram que a &#8220;recupera\u00e7\u00e3o da economia est\u00e1 consolidada&#8221; com expans\u00e3o do consumo das fam\u00edlias (4,8%) e do investimento (6,7%). &#8220;Pela primeira vez ap\u00f3s quatro anos que os dois principais componentes da demanda, consumo das fam\u00edlias e investimento, registram crescimento positivo no mesmo trimestre&#8221;, detalhou.<\/p>\n<p>A alta pelo terceiro trimestre seguido do consumo das fam\u00edlias \u00e9, para o ministro do Planejamento, &#8220;reflexo da recupera\u00e7\u00e3o do mercado de trabalho e da massa salarial, al\u00e9m das medidas de est\u00edmulo, como a libera\u00e7\u00e3o do FGTS [Fundo de Garantia do Tempo de Servi\u00e7o]&#8221;.<\/p>\n<p>Segundo Oliveira, ind\u00fastria da transforma\u00e7\u00e3o, exporta\u00e7\u00e3o e com\u00e9rcio tiveram tr\u00eas trimestres consecutivos de crescimento, &#8220;o que significa uma expans\u00e3o gradual e continuada desses setores&#8221;. Para o ministro, se for mantido o ritmo atual, o crescimento deste ano poder\u00e1 ser de 1%. &#8220;Trajet\u00f3ria positiva do PIB para os pr\u00f3ximos trimestres mostra necessidade de aprova\u00e7\u00e3o das reformas, principalmente a da Previd\u00eancia, para tornar o crescimento sustent\u00e1vel&#8221;.<\/p>\n<p>&#8220;PIB do 3\u00ba trimestre s\u00f3 n\u00e3o veio melhor porque as importa\u00e7\u00f5es registraram forte crescimento, o que n\u00e3o deixa de ser boa not\u00edcia, pois confirma que a economia dom\u00e9stica est\u00e1 mais aquecida e \u00e9 mais um sinal de retomada&#8221;, comenta Oliveira.<\/p>\n<p><strong>Crescimento<\/strong><\/p>\n<p>De acordo com o IBGE, com o resultado do terceiro trimestre do ano, o PIB \u2013 em valores correntes \u2013 atingiu R$ 1,641 trilh\u00e3o no acumulado do ano, sendo R$ 1,416 bilh\u00f5es referentes ao valor adicionado e R$ 225,8 bilh\u00f5es dos impostos sobre produtos l\u00edquidos de subs\u00eddios.<\/p>\n<p>Com o resultado divulgado hoje, o PIB fecha os primeiros nove meses do ano com um crescimento acumulado de 0,6%, em rela\u00e7\u00e3o a igual per\u00edodo de 2016.<\/p>\n<hr \/>\n<p>&nbsp;Fonte: Ag\u00eancia Brasil<\/p>\n","protected":false},"excerpt":{"rendered":"<p>O ministro da Fazenda, Henrique Meirelles, diz que o resultado do Produto Interno Bruto (PIB, a soma de todas as riquezas produzidas no pa\u00eds) divulgado nesta sexta-feira, 1\u00ba, apesar de baixo, &#8220;mostra que o Brasil segue uma trajet\u00f3ria de crescimento&#8221;. Pelo Twitter, o ministro afirma ainda que o avan\u00e7o no investimento &#8220;mostra otimismo em rela\u00e7\u00e3o [&hellip;]<\/p>\n","protected":false},"author":96,"featured_media":86579,"comment_status":"closed","ping_status":"closed","sticky":false,"template":"","format":"standard","meta":{"footnotes":""},"categories":[261],"tags":[],"class_list":["post-86580","post","type-post","status-publish","format-standard","has-post-thumbnail","hentry","category-economia"],"_links":{"self":[{"href":"https:\/\/diarioregionaldigital.com.br\/index.php?rest_route=\/wp\/v2\/posts\/86580","targetHints":{"allow":["GET"]}}],"collection":[{"href":"https:\/\/diarioregionaldigital.com.br\/index.php?rest_route=\/wp\/v2\/posts"}],"about":[{"href":"https:\/\/diarioregionaldigital.com.br\/index.php?rest_route=\/wp\/v2\/types\/post"}],"author":[{"embeddable":true,"href":"https:\/\/diarioregionaldigital.com.br\/index.php?rest_route=\/wp\/v2\/users\/96"}],"replies":[{"embeddable":true,"href":"https:\/\/diarioregionaldigital.com.br\/index.php?rest_route=%2Fwp%2Fv2%2Fcomments&post=86580"}],"version-history":[{"count":0,"href":"https:\/\/diarioregionaldigital.com.br\/index.php?rest_route=\/wp\/v2\/posts\/86580\/revisions"}],"wp:featuredmedia":[{"embeddable":true,"href":"https:\/\/diarioregionaldigital.com.br\/index.php?rest_route=\/wp\/v2\/media\/86579"}],"wp:attachment":[{"href":"https:\/\/diarioregionaldigital.com.br\/index.php?rest_route=%2Fwp%2Fv2%2Fmedia&parent=86580"}],"wp:term":[{"taxonomy":"category","embeddable":true,"href":"https:\/\/diarioregionaldigital.com.br\/index.php?rest_route=%2Fwp%2Fv2%2Fcategories&post=86580"},{"taxonomy":"post_tag","embeddable":true,"href":"https:\/\/diarioregionaldigital.com.br\/index.php?rest_route=%2Fwp%2Fv2%2Ftags&post=86580"}],"curies":[{"name":"wp","href":"https:\/\/api.w.org\/{rel}","templated":true}]}}