{"id":86574,"date":"2017-12-01T20:47:09","date_gmt":"2017-12-01T22:47:09","guid":{"rendered":"http:\/\/diarioregionaljf.com.br\/2017\/12\/01\/ascomcer-ira-funcionar-em-regime-hospital-dia\/"},"modified":"2017-12-01T20:47:09","modified_gmt":"2017-12-01T22:47:09","slug":"ascomcer-ira-funcionar-em-regime-hospital-dia","status":"publish","type":"post","link":"https:\/\/diarioregionaldigital.com.br\/?p=86574","title":{"rendered":"Ascomcer ir\u00e1 funcionar em regime Hospital-Dia"},"content":{"rendered":"<p>A Associa\u00e7\u00e3o Feminina de Combate ao C\u00e2ncer (ASCOMCER) vai funcionar na modalidade Hospital-Dia. A aptid\u00e3o foi concedida \u00e0 entidade por meio da Portaria n\u00ba 1.528, institu\u00edda pela Secretaria de Aten\u00e7\u00e3o \u00e0 Sa\u00fade (SAS) e publicada no dia 21 de setembro deste ano no Di\u00e1rio Oficial da Uni\u00e3o. Al\u00e9m do tratamento oncol\u00f3gico j\u00e1 prestado pelo Hospital, ele tamb\u00e9m poder\u00e1 realizar procedimentos cir\u00fargicos, diagn\u00f3sticos ou terap\u00eauticos, com 10 leitos. A previs\u00e3o \u00e9 que o in\u00edcio das atividades ocorra em janeiro do pr\u00f3ximo ano.<\/p>\n<p>\u201cAgora, a ASCOMCER poder\u00e1 ser indicada quando a perman\u00eancia do paciente na unidade for requerida por um per\u00edodo m\u00e1ximo de 12 horas. Isso vai permitir maior resolutividade para todas as partes. O paciente vai ter mais agilidade no processo de reabilita\u00e7\u00e3o, ele vai ficar internado em per\u00edodo menor, enquanto a institui\u00e7\u00e3o ter\u00e1 os custos reduzidos com hospedagem e rouparia\u201d, refor\u00e7a a assessora de comunica\u00e7\u00e3o do hospital, Sara Tellado.<\/p>\n<p>O Hospital-Dia, tamb\u00e9m conhecido como servi\u00e7o de interna\u00e7\u00e3o parcial, \u00e9 uma modalidade de atendimento em hospital, na qual o paciente utiliza com regularidade os servi\u00e7os da institui\u00e7\u00e3o na maior parte do dia, para fins de tratamento ou reabilita\u00e7\u00e3o. Sara ressalta que al\u00e9m de possibilitar maior administra\u00e7\u00e3o de leitos, o novo regime \u00e9 uma conquista para a cidade de modo geral.<\/p>\n<p>\u201c\u00c9 uma grande alegria, uma conquista que veio ap\u00f3s um longo per\u00edodo de trabalho. Isso permitir\u00e1 maior gerenciamento dos leitos e redu\u00e7\u00e3o no tempo em que o paciente ficar\u00e1 internado no hospital, evitando que ele seja cometido por outras doen\u00e7as\u201d, afirma.<\/p>\n","protected":false},"excerpt":{"rendered":"<p>A Associa\u00e7\u00e3o Feminina de Combate ao C\u00e2ncer (ASCOMCER) vai funcionar na modalidade Hospital-Dia. A aptid\u00e3o foi concedida \u00e0 entidade por meio da Portaria n\u00ba 1.528, institu\u00edda pela Secretaria de Aten\u00e7\u00e3o \u00e0 Sa\u00fade (SAS) e publicada no dia 21 de setembro deste ano no Di\u00e1rio Oficial da Uni\u00e3o. Al\u00e9m do tratamento oncol\u00f3gico j\u00e1 prestado pelo Hospital, [&hellip;]<\/p>\n","protected":false},"author":96,"featured_media":0,"comment_status":"closed","ping_status":"closed","sticky":false,"template":"","format":"standard","meta":{"footnotes":""},"categories":[253],"tags":[],"class_list":["post-86574","post","type-post","status-publish","format-standard","hentry","category-cidade"],"_links":{"self":[{"href":"https:\/\/diarioregionaldigital.com.br\/index.php?rest_route=\/wp\/v2\/posts\/86574","targetHints":{"allow":["GET"]}}],"collection":[{"href":"https:\/\/diarioregionaldigital.com.br\/index.php?rest_route=\/wp\/v2\/posts"}],"about":[{"href":"https:\/\/diarioregionaldigital.com.br\/index.php?rest_route=\/wp\/v2\/types\/post"}],"author":[{"embeddable":true,"href":"https:\/\/diarioregionaldigital.com.br\/index.php?rest_route=\/wp\/v2\/users\/96"}],"replies":[{"embeddable":true,"href":"https:\/\/diarioregionaldigital.com.br\/index.php?rest_route=%2Fwp%2Fv2%2Fcomments&post=86574"}],"version-history":[{"count":0,"href":"https:\/\/diarioregionaldigital.com.br\/index.php?rest_route=\/wp\/v2\/posts\/86574\/revisions"}],"wp:attachment":[{"href":"https:\/\/diarioregionaldigital.com.br\/index.php?rest_route=%2Fwp%2Fv2%2Fmedia&parent=86574"}],"wp:term":[{"taxonomy":"category","embeddable":true,"href":"https:\/\/diarioregionaldigital.com.br\/index.php?rest_route=%2Fwp%2Fv2%2Fcategories&post=86574"},{"taxonomy":"post_tag","embeddable":true,"href":"https:\/\/diarioregionaldigital.com.br\/index.php?rest_route=%2Fwp%2Fv2%2Ftags&post=86574"}],"curies":[{"name":"wp","href":"https:\/\/api.w.org\/{rel}","templated":true}]}}