{"id":86573,"date":"2017-12-01T20:43:41","date_gmt":"2017-12-01T22:43:41","guid":{"rendered":"http:\/\/diarioregionaljf.com.br\/2017\/12\/01\/show-beneficente-arrecada-fundos-para-projeto-de-restauracao-do-abrigo-santa-helena\/"},"modified":"2017-12-01T20:43:41","modified_gmt":"2017-12-01T22:43:41","slug":"show-beneficente-arrecada-fundos-para-projeto-de-restauracao-do-abrigo-santa-helena","status":"publish","type":"post","link":"https:\/\/diarioregionaldigital.com.br\/?p=86573","title":{"rendered":"Show beneficente arrecada fundos para projeto de restaura\u00e7\u00e3o do Abrigo Santa Helena"},"content":{"rendered":"<p>O Abrigo Santa Helena realiza neste m\u00eas show beneficente com Pedro Bismarck. O espet\u00e1culo, nomeado de \u201cNerso 30 Anos de Riso\u201d, ser\u00e1 encenado no palco do Cine-Theatro Central, no dia 14 de dezembro. O evento \u00e9 patrocinado pela Caixa Econ\u00f4mica Federal e tem o apoio da Universidade Federal de Juiz de Fora (UFJF).<\/p>\n<p>\u201cO pr\u00e9dio do abrigo \u00e9 de 1895 e, este ano, n\u00f3s pedimos o seu tombamento, mas para realizar o projeto de restaura\u00e7\u00e3o n\u00f3s precisamos de recursos. A Caixa sugeriu que fiz\u00e9ssemos um evento cultural para poder levantar a verba para o projeto\u201d, explicou o presidente da institui\u00e7\u00e3o, Ant\u00f4nio Carlos Estev\u00e3o.<\/p>\n<p>Ap\u00f3s a orienta\u00e7\u00e3o do banco, o presidente do Abrigo j\u00e1 tinha um nome em mente. \u201cPerguntamos se poderia ser com o Pedro, j\u00e1 que ele \u00e9 benfeitor e padrinho do Abrigo, e disseram que sim\u201d, exclamou.<\/p>\n<p>Toda a verba arrecada ser\u00e1 destinada na confec\u00e7\u00e3o do projeto de restaura\u00e7\u00e3o do pr\u00e9dio. \u201cO pr\u00e9dio tem um valor hist\u00f3rico e representa um marco de um per\u00edodo de efervesc\u00eancia de Juiz de Fora, quando a cidade era a 13\u00ba mais importante do Brasil e um p\u00f3lo de desenvolvimento, em pleno s\u00e9culo XIX\u201d, relembrou Estev\u00e3o.<\/p>\n<p>Mesmo que ainda esteja no primeiro est\u00e1gio do tombamento, a institui\u00e7\u00e3o d\u00e1 um passo \u00e0 frente na tentativa de concluir o projeto de restaura\u00e7\u00e3o. \u201cCom o projeto em m\u00e3os, podemos procurar algum \u00f3rg\u00e3o que possa financiar a restaura\u00e7\u00e3o do pr\u00e9dio\u201d, ressaltou.<\/p>\n<p>A assessoria de comunica\u00e7\u00e3o da Funda\u00e7\u00e3o Cultural Alfredo Ferreira Lage (Funalfa) informou que o pedido do Abrigo se encontra na fila para o processo de instru\u00e7\u00e3o hist\u00f3rica e arquitet\u00f4nica, no qual a equipe da Funda\u00e7\u00e3o realiza o levantamento da hist\u00f3ria e da arquitetura da constru\u00e7\u00e3o.<\/p>\n<p>Os ingressos para o show, que tamb\u00e9m celebra os 30 anos de carreira de Pedro Bismarck, podem ser adquiridos na bilheteria do Cine-Theatro Central, no Zine Cultura, e na \u00d3tica Juiz de Fora e na loja Z\u00e9 Kodak. O valor da entrada inteira \u00e9 de R$30 e a meia, R$15.<\/p>\n<p>A classifica\u00e7\u00e3o do espet\u00e1culo \u00e9 de 14 anos e a apresenta\u00e7\u00e3o come\u00e7a \u00e0s 20h de quinta-feira, 14 de dezembro. O Cine-Theatro Central est\u00e1 localizado na Pra\u00e7a Jo\u00e3o Pessoa, s\/n\u00ba, Centro.<\/p>\n<h4>&nbsp;<\/h4>\n<h4>O ABRIGO<\/h4>\n<p>Com o objetivo de acolher idosos com mais de 60 anos e proporcionar a eles uma vida mais digna e honrada, o Abrigo Santa Helena foi fundado em 10 de outubro de 1915. Atualmente, 145 idosos residem na institui\u00e7\u00e3o, onde realizam todas as suas atividades do cotidiano e recebem cuidados nas \u00e1reas de sa\u00fade e est\u00e9tica.<\/p>\n","protected":false},"excerpt":{"rendered":"<p>O Abrigo Santa Helena realiza neste m\u00eas show beneficente com Pedro Bismarck. O espet\u00e1culo, nomeado de \u201cNerso 30 Anos de Riso\u201d, ser\u00e1 encenado no palco do Cine-Theatro Central, no dia 14 de dezembro. O evento \u00e9 patrocinado pela Caixa Econ\u00f4mica Federal e tem o apoio da Universidade Federal de Juiz de Fora (UFJF). \u201cO pr\u00e9dio [&hellip;]<\/p>\n","protected":false},"author":96,"featured_media":86572,"comment_status":"closed","ping_status":"closed","sticky":false,"template":"","format":"standard","meta":{"footnotes":""},"categories":[253],"tags":[],"class_list":["post-86573","post","type-post","status-publish","format-standard","has-post-thumbnail","hentry","category-cidade"],"_links":{"self":[{"href":"https:\/\/diarioregionaldigital.com.br\/index.php?rest_route=\/wp\/v2\/posts\/86573","targetHints":{"allow":["GET"]}}],"collection":[{"href":"https:\/\/diarioregionaldigital.com.br\/index.php?rest_route=\/wp\/v2\/posts"}],"about":[{"href":"https:\/\/diarioregionaldigital.com.br\/index.php?rest_route=\/wp\/v2\/types\/post"}],"author":[{"embeddable":true,"href":"https:\/\/diarioregionaldigital.com.br\/index.php?rest_route=\/wp\/v2\/users\/96"}],"replies":[{"embeddable":true,"href":"https:\/\/diarioregionaldigital.com.br\/index.php?rest_route=%2Fwp%2Fv2%2Fcomments&post=86573"}],"version-history":[{"count":0,"href":"https:\/\/diarioregionaldigital.com.br\/index.php?rest_route=\/wp\/v2\/posts\/86573\/revisions"}],"wp:featuredmedia":[{"embeddable":true,"href":"https:\/\/diarioregionaldigital.com.br\/index.php?rest_route=\/wp\/v2\/media\/86572"}],"wp:attachment":[{"href":"https:\/\/diarioregionaldigital.com.br\/index.php?rest_route=%2Fwp%2Fv2%2Fmedia&parent=86573"}],"wp:term":[{"taxonomy":"category","embeddable":true,"href":"https:\/\/diarioregionaldigital.com.br\/index.php?rest_route=%2Fwp%2Fv2%2Fcategories&post=86573"},{"taxonomy":"post_tag","embeddable":true,"href":"https:\/\/diarioregionaldigital.com.br\/index.php?rest_route=%2Fwp%2Fv2%2Ftags&post=86573"}],"curies":[{"name":"wp","href":"https:\/\/api.w.org\/{rel}","templated":true}]}}