{"id":86556,"date":"2017-12-01T19:34:57","date_gmt":"2017-12-01T21:34:57","guid":{"rendered":"http:\/\/diarioregionaljf.com.br\/2017\/12\/01\/superavit-da-balanca-comercial-atinge-marca-inedita-de-us-62-bi-ao-ano\/"},"modified":"2017-12-01T19:34:57","modified_gmt":"2017-12-01T21:34:57","slug":"superavit-da-balanca-comercial-atinge-marca-inedita-de-us-62-bi-ao-ano","status":"publish","type":"post","link":"https:\/\/diarioregionaldigital.com.br\/?p=86556","title":{"rendered":"Super\u00e1vit da balan\u00e7a comercial atinge marca in\u00e9dita de US$62 bi ao ano"},"content":{"rendered":"<p>Em m\u00eas tradicionalmente marcado por baixas vendas ao mercado externo, o super\u00e1vit da balan\u00e7a comercial (diferen\u00e7a entre exporta\u00e7\u00f5es e importa\u00e7\u00f5es) caiu em novembro. No m\u00eas passado, o pa\u00eds exportou US$3,54 bilh\u00f5es a mais do que importou, informou h\u00e1 pouco o Minist\u00e9rio da Ind\u00fastria, Com\u00e9rcio Exterior e Servi\u00e7os (MDIC). O saldo positivo \u00e9 inferior ao super\u00e1vit de US$4,75 bilh\u00f5es registrado em novembro do ano passado.<\/p>\n<p>Apesar do recuo, a balan\u00e7a comercial atingiu uma marca in\u00e9dita. Nos 11 primeiros meses do ano, as exporta\u00e7\u00f5es superaram as importa\u00e7\u00f5es em US$62 bilh\u00f5es. Esse \u00e9 o melhor resultado para o per\u00edodo desde o in\u00edcio da s\u00e9rie hist\u00f3rica, em 1989. De janeiro a novembro do ano passado, a balan\u00e7a comercial tinha registrado super\u00e1vit de US$43,26 bilh\u00f5es.<\/p>\n<p>O saldo positivo at\u00e9 novembro supera todo o super\u00e1vit comercial registrado em 2016: US$47,7 bilh\u00f5es, at\u00e9 ent\u00e3o o melhor resultado da s\u00e9rie hist\u00f3rica. De acordo com o MDIC, a expectativa \u00e9 que a balan\u00e7a comercial encerre 2017 com super\u00e1vit entre US$65 bilh\u00f5es e US$70 bilh\u00f5es.<\/p>\n<p>&nbsp;<\/p>\n<h4>EXPORTA\u00c7\u00d5ES E IMPORTA\u00c7\u00d5ES<\/h4>\n<p>Em novembro, o Brasil exportou US$16,68 bilh\u00f5es, alta de 2,9% sobre o mesmo m\u00eas do ano passado pelo crit\u00e9rio da m\u00e9dia di\u00e1ria. O aumento decorreu principalmente da valoriza\u00e7\u00e3o das commodities (bens prim\u00e1rios com cota\u00e7\u00e3o internacional) no mercado externo. A recupera\u00e7\u00e3o da economia, no entanto, fez as importa\u00e7\u00f5es subirem em ritmo maior. No m\u00eas passado, o pa\u00eds comprou US$13,14 bilh\u00f5es do exterior, alta de 14,7% na mesma compara\u00e7\u00e3o tamb\u00e9m pelo crit\u00e9rio da m\u00e9dia di\u00e1ria.<\/p>\n<p>Em rela\u00e7\u00e3o \u00e0s exporta\u00e7\u00f5es, as vendas de produtos b\u00e1sicos aumentaram 26,5% em rela\u00e7\u00e3o a novembro do ano passado. As vendas de produtos semimanufaturados subiram 3,1%. No entanto, as exporta\u00e7\u00f5es de produtos manufaturados ca\u00edram 14,2% na mesma compara\u00e7\u00e3o. O crescimento das importa\u00e7\u00f5es foi puxado pelas compras de combust\u00edveis e lubrificantes (+69,2%), de bens de consumo (+20%), de bens de capitais (m\u00e1quinas e equipamentos para produ\u00e7\u00e3o), com alta de 10,8%, e de bens intermedi\u00e1rios (+6,7%).<\/p>\n<p>De janeiro a novembro, o pa\u00eds exportou US$200,15 bilh\u00f5es, com alta de 18,2% sobre os 11 primeiros meses do ano passado pelo crit\u00e9rio da m\u00e9dia di\u00e1ria. As importa\u00e7\u00f5es, por sua vez, totalizaram US$138,14 bilh\u00f5es, crescimento de 9,6% em rela\u00e7\u00e3o ao mesmo per\u00edodo de 2016, tamb\u00e9m pela m\u00e9dia di\u00e1ria.<\/p>\n<p>&nbsp;<\/p>\n<p>Fonte: Ag\u00eancia Brasil<\/p>\n","protected":false},"excerpt":{"rendered":"<p>Em m\u00eas tradicionalmente marcado por baixas vendas ao mercado externo, o super\u00e1vit da balan\u00e7a comercial (diferen\u00e7a entre exporta\u00e7\u00f5es e importa\u00e7\u00f5es) caiu em novembro. No m\u00eas passado, o pa\u00eds exportou US$3,54 bilh\u00f5es a mais do que importou, informou h\u00e1 pouco o Minist\u00e9rio da Ind\u00fastria, Com\u00e9rcio Exterior e Servi\u00e7os (MDIC). O saldo positivo \u00e9 inferior ao super\u00e1vit [&hellip;]<\/p>\n","protected":false},"author":96,"featured_media":86555,"comment_status":"closed","ping_status":"closed","sticky":false,"template":"","format":"standard","meta":{"footnotes":""},"categories":[261],"tags":[],"class_list":["post-86556","post","type-post","status-publish","format-standard","has-post-thumbnail","hentry","category-economia"],"_links":{"self":[{"href":"https:\/\/diarioregionaldigital.com.br\/index.php?rest_route=\/wp\/v2\/posts\/86556","targetHints":{"allow":["GET"]}}],"collection":[{"href":"https:\/\/diarioregionaldigital.com.br\/index.php?rest_route=\/wp\/v2\/posts"}],"about":[{"href":"https:\/\/diarioregionaldigital.com.br\/index.php?rest_route=\/wp\/v2\/types\/post"}],"author":[{"embeddable":true,"href":"https:\/\/diarioregionaldigital.com.br\/index.php?rest_route=\/wp\/v2\/users\/96"}],"replies":[{"embeddable":true,"href":"https:\/\/diarioregionaldigital.com.br\/index.php?rest_route=%2Fwp%2Fv2%2Fcomments&post=86556"}],"version-history":[{"count":0,"href":"https:\/\/diarioregionaldigital.com.br\/index.php?rest_route=\/wp\/v2\/posts\/86556\/revisions"}],"wp:featuredmedia":[{"embeddable":true,"href":"https:\/\/diarioregionaldigital.com.br\/index.php?rest_route=\/wp\/v2\/media\/86555"}],"wp:attachment":[{"href":"https:\/\/diarioregionaldigital.com.br\/index.php?rest_route=%2Fwp%2Fv2%2Fmedia&parent=86556"}],"wp:term":[{"taxonomy":"category","embeddable":true,"href":"https:\/\/diarioregionaldigital.com.br\/index.php?rest_route=%2Fwp%2Fv2%2Fcategories&post=86556"},{"taxonomy":"post_tag","embeddable":true,"href":"https:\/\/diarioregionaldigital.com.br\/index.php?rest_route=%2Fwp%2Fv2%2Ftags&post=86556"}],"curies":[{"name":"wp","href":"https:\/\/api.w.org\/{rel}","templated":true}]}}