{"id":86550,"date":"2017-12-01T18:21:18","date_gmt":"2017-12-01T20:21:18","guid":{"rendered":"http:\/\/diarioregionaljf.com.br\/2017\/12\/01\/comissao-aprova-piso-salarial-de-vigilantes\/"},"modified":"2017-12-01T18:21:18","modified_gmt":"2017-12-01T20:21:18","slug":"comissao-aprova-piso-salarial-de-vigilantes","status":"publish","type":"post","link":"https:\/\/diarioregionaldigital.com.br\/?p=86550","title":{"rendered":"Comiss\u00e3o aprova piso salarial de vigilantes"},"content":{"rendered":"<p>A Comiss\u00e3o de Trabalho, de Administra\u00e7\u00e3o e Servi\u00e7o P\u00fablico aprovou o Projeto de Lei 7042\/17, dos deputados Nelson Pellegrino (PT-BA) e Erika Kokay (PT-DF), que fixa piso salarial para vigilantes em R$3 mil.<\/p>\n<p>Relator da mat\u00e9ria, o deputado Assis Melo (PCdoB-RS) disse que o projeto valoriza os profissionais da vigil\u00e2ncia privada. \u201cO rigoroso controle sobre as empresas de seguran\u00e7a, fiscalizadas pela Pol\u00edcia Federal, e os requisitos de forma\u00e7\u00e3o profissional sinalizam que a atividade \u00e9 essencial e que seus trabalhadores merecem receber um sal\u00e1rio condigno\u201d, ressaltou.<\/p>\n<p>Pelo texto, o sal\u00e1rio-base da categoria ser\u00e1 reajustado anualmente, no in\u00edcio de janeiro, com corre\u00e7\u00e3o pelo \u00cdndice Nacional de Pre\u00e7os ao Consumidor (INPC).<\/p>\n<p>A proposta altera a Lei n\u00ba 7.102\/83, que trata da seguran\u00e7a de estabelecimentos financeiros, estabelece normas para constitui\u00e7\u00e3o e funcionamento das empresas particulares que exploram servi\u00e7os de vigil\u00e2ncia e de transporte de valores.<\/p>\n<p>&nbsp;<\/p>\n<h4>TRAMITA\u00c7\u00c3O<\/h4>\n<p>A proposta ser\u00e1 analisada de forma conclusiva pela Comiss\u00e3o de Constitui\u00e7\u00e3o e Justi\u00e7a e de Cidadania.<\/p>\n<p>Fonte: Ag\u00eancia C\u00e2mara Not\u00edcias<\/p>\n","protected":false},"excerpt":{"rendered":"<p>A Comiss\u00e3o de Trabalho, de Administra\u00e7\u00e3o e Servi\u00e7o P\u00fablico aprovou o Projeto de Lei 7042\/17, dos deputados Nelson Pellegrino (PT-BA) e Erika Kokay (PT-DF), que fixa piso salarial para vigilantes em R$3 mil. Relator da mat\u00e9ria, o deputado Assis Melo (PCdoB-RS) disse que o projeto valoriza os profissionais da vigil\u00e2ncia privada. \u201cO rigoroso controle sobre [&hellip;]<\/p>\n","protected":false},"author":96,"featured_media":86549,"comment_status":"closed","ping_status":"closed","sticky":false,"template":"","format":"standard","meta":{"footnotes":""},"categories":[254],"tags":[],"class_list":["post-86550","post","type-post","status-publish","format-standard","has-post-thumbnail","hentry","category-politica"],"_links":{"self":[{"href":"https:\/\/diarioregionaldigital.com.br\/index.php?rest_route=\/wp\/v2\/posts\/86550","targetHints":{"allow":["GET"]}}],"collection":[{"href":"https:\/\/diarioregionaldigital.com.br\/index.php?rest_route=\/wp\/v2\/posts"}],"about":[{"href":"https:\/\/diarioregionaldigital.com.br\/index.php?rest_route=\/wp\/v2\/types\/post"}],"author":[{"embeddable":true,"href":"https:\/\/diarioregionaldigital.com.br\/index.php?rest_route=\/wp\/v2\/users\/96"}],"replies":[{"embeddable":true,"href":"https:\/\/diarioregionaldigital.com.br\/index.php?rest_route=%2Fwp%2Fv2%2Fcomments&post=86550"}],"version-history":[{"count":0,"href":"https:\/\/diarioregionaldigital.com.br\/index.php?rest_route=\/wp\/v2\/posts\/86550\/revisions"}],"wp:featuredmedia":[{"embeddable":true,"href":"https:\/\/diarioregionaldigital.com.br\/index.php?rest_route=\/wp\/v2\/media\/86549"}],"wp:attachment":[{"href":"https:\/\/diarioregionaldigital.com.br\/index.php?rest_route=%2Fwp%2Fv2%2Fmedia&parent=86550"}],"wp:term":[{"taxonomy":"category","embeddable":true,"href":"https:\/\/diarioregionaldigital.com.br\/index.php?rest_route=%2Fwp%2Fv2%2Fcategories&post=86550"},{"taxonomy":"post_tag","embeddable":true,"href":"https:\/\/diarioregionaldigital.com.br\/index.php?rest_route=%2Fwp%2Fv2%2Ftags&post=86550"}],"curies":[{"name":"wp","href":"https:\/\/api.w.org\/{rel}","templated":true}]}}