{"id":86548,"date":"2017-12-01T18:10:32","date_gmt":"2017-12-01T20:10:32","guid":{"rendered":"http:\/\/diarioregionaljf.com.br\/2017\/12\/01\/pl-preve-criacao-do-disque-pichacao\/"},"modified":"2017-12-01T18:10:32","modified_gmt":"2017-12-01T20:10:32","slug":"pl-preve-criacao-do-disque-pichacao","status":"publish","type":"post","link":"https:\/\/diarioregionaldigital.com.br\/?p=86548","title":{"rendered":"PL prev\u00ea cria\u00e7\u00e3o do \u201cDisque-Picha\u00e7\u00e3o\u201d"},"content":{"rendered":"<p>Para tentar coibir as picha\u00e7\u00f5es na cidade, o Projeto de Lei (PL) do vereador Marlon Siqueira (PMDB) prev\u00ea a cria\u00e7\u00e3o de uma linha telef\u00f4nica como uma ferramenta de combate \u00e0 pr\u00e1tica.<\/p>\n<p>O Disque-Picha\u00e7\u00e3o receber\u00e1 den\u00fancias da popula\u00e7\u00e3o sobre atos de depreda\u00e7\u00e3o contra patrim\u00f4nios p\u00fablicos ou privados. A linha a ser utilizada poder\u00e1 preexistir em conjunto com outra, sem preju\u00edzo da utiliza\u00e7\u00e3o de outros canais diretos com o cidad\u00e3o disponibilizado pelo Poder Executivo. Este tamb\u00e9m ficar\u00e1 encarregado para designar o local de funcionamento.<\/p>\n<p>O PL altera a Lei 13.321 de 2016 quanto ao valor da multa, que passa a ser de R$ 5 mil, dobrando o valor em caso de reincid\u00eancia. Ademais, torna a comercializa\u00e7\u00e3o de tintas em embalagens do tipo aerossol a menores de 18 anos proibida. Os comerciantes que desrespeitarem a lei poder\u00e3o sofrer penalidades.<\/p>\n<p>A mat\u00e9ria precisa passar por mais duas discuss\u00f5es antes de seguir para o Executivo. Caso seja aprovada, entra em vigor na data de sua publica\u00e7\u00e3o.<\/p>\n<p>Fonte: Assessoria<\/p>\n","protected":false},"excerpt":{"rendered":"<p>Para tentar coibir as picha\u00e7\u00f5es na cidade, o Projeto de Lei (PL) do vereador Marlon Siqueira (PMDB) prev\u00ea a cria\u00e7\u00e3o de uma linha telef\u00f4nica como uma ferramenta de combate \u00e0 pr\u00e1tica. O Disque-Picha\u00e7\u00e3o receber\u00e1 den\u00fancias da popula\u00e7\u00e3o sobre atos de depreda\u00e7\u00e3o contra patrim\u00f4nios p\u00fablicos ou privados. A linha a ser utilizada poder\u00e1 preexistir em conjunto [&hellip;]<\/p>\n","protected":false},"author":96,"featured_media":86547,"comment_status":"closed","ping_status":"closed","sticky":false,"template":"","format":"standard","meta":{"footnotes":""},"categories":[254],"tags":[],"class_list":["post-86548","post","type-post","status-publish","format-standard","has-post-thumbnail","hentry","category-politica"],"_links":{"self":[{"href":"https:\/\/diarioregionaldigital.com.br\/index.php?rest_route=\/wp\/v2\/posts\/86548","targetHints":{"allow":["GET"]}}],"collection":[{"href":"https:\/\/diarioregionaldigital.com.br\/index.php?rest_route=\/wp\/v2\/posts"}],"about":[{"href":"https:\/\/diarioregionaldigital.com.br\/index.php?rest_route=\/wp\/v2\/types\/post"}],"author":[{"embeddable":true,"href":"https:\/\/diarioregionaldigital.com.br\/index.php?rest_route=\/wp\/v2\/users\/96"}],"replies":[{"embeddable":true,"href":"https:\/\/diarioregionaldigital.com.br\/index.php?rest_route=%2Fwp%2Fv2%2Fcomments&post=86548"}],"version-history":[{"count":0,"href":"https:\/\/diarioregionaldigital.com.br\/index.php?rest_route=\/wp\/v2\/posts\/86548\/revisions"}],"wp:featuredmedia":[{"embeddable":true,"href":"https:\/\/diarioregionaldigital.com.br\/index.php?rest_route=\/wp\/v2\/media\/86547"}],"wp:attachment":[{"href":"https:\/\/diarioregionaldigital.com.br\/index.php?rest_route=%2Fwp%2Fv2%2Fmedia&parent=86548"}],"wp:term":[{"taxonomy":"category","embeddable":true,"href":"https:\/\/diarioregionaldigital.com.br\/index.php?rest_route=%2Fwp%2Fv2%2Fcategories&post=86548"},{"taxonomy":"post_tag","embeddable":true,"href":"https:\/\/diarioregionaldigital.com.br\/index.php?rest_route=%2Fwp%2Fv2%2Ftags&post=86548"}],"curies":[{"name":"wp","href":"https:\/\/api.w.org\/{rel}","templated":true}]}}