{"id":86544,"date":"2017-12-01T17:59:28","date_gmt":"2017-12-01T19:59:28","guid":{"rendered":"http:\/\/diarioregionaljf.com.br\/2017\/12\/01\/genocidio-de-negros-motiva-audiencia-em-juiz-de-fora\/"},"modified":"2017-12-01T17:59:28","modified_gmt":"2017-12-01T19:59:28","slug":"genocidio-de-negros-motiva-audiencia-em-juiz-de-fora","status":"publish","type":"post","link":"https:\/\/diarioregionaldigital.com.br\/?p=86544","title":{"rendered":"Genoc\u00eddio de negros motiva audi\u00eancia em Juiz de Fora"},"content":{"rendered":"<p>Os altos \u00edndices de viol\u00eancia contra jovens negros e pobres na regi\u00e3o de Juiz de Fora v\u00e3o pautar audi\u00eancia p\u00fablica que a Comiss\u00e3o de Direitos Humanos da Assembleia Legislativa de Minas Gerais (ALMG) far\u00e1 no munic\u00edpio na pr\u00f3xima segunda-feira, 4. A reuni\u00e3o foi solicitada pelo presidente da comiss\u00e3o, deputado Cristiano Silveira (PT), e ser\u00e1 realizada \u00e0s 18h, no Audit\u00f3rio do Instituto de Educa\u00e7\u00e3o (Escola Normal), situado na Rua Esp\u00edrito Santo, n\u00ba594, Centro.<\/p>\n<p>De acordo com o deputado, as den\u00fancias foram apresentadas por representantes de movimentos sociais que atuam no combate ao racismo. \u201cSabemos que \u00e9 um problema nacional, mas que h\u00e1 localidades em que a situa\u00e7\u00e3o \u00e9 mais grave. Por isso vamos at\u00e9 Juiz de Fora para colher informa\u00e7\u00f5es e avaliar que provid\u00eancias cobraremos das autoridades\u201d, explicou Cristiano Silveira.<\/p>\n<p>O parlamentar lembrou que a comiss\u00e3o j\u00e1 vem debatendo o tema e pretende realizar audi\u00eancias p\u00fablicas em outras cidades do interior de Minas, para avaliar as particularidades de cada regi\u00e3o. \u201cAssim, teremos condi\u00e7\u00f5es de subsidiar o Estado na formula\u00e7\u00e3o de pol\u00edticas p\u00fablicas que possam reverter esse quadro\u201d, afirmou.<\/p>\n<p>Conforme informa\u00e7\u00f5es do gabinete, no Brasil, em quatro anos, o n\u00famero total de v\u00edtimas de homic\u00eddio passou de 206 mil pessoas, em sua maioria pessoas negras. Segundo dados divulgados pelo Senado Federal, cerca de 23 mil jovens negros s\u00e3o assassinados por ano no pa\u00eds.<\/p>\n<p>&nbsp;<\/p>\n<h4>CONVIDADOS<\/h4>\n<p>O presidente do Conselho Municipal de Promo\u00e7\u00e3o da Igualdade Racial &#8211; Juiz de Fora, Rog\u00e9rio da Silva, confirmou presen\u00e7a na audi\u00eancia p\u00fablica. Representantes de movimentos sociais da cidade, como Paulo Azarias, coordenador regional do Movimento Negro no Estado, e Giane Elisa Sales de Almeida, do movimento Candaces Organiza\u00e7\u00e3o de Mulheres Negras e Conhecimento tamb\u00e9m asseguraram participa\u00e7\u00e3o.<\/p>\n","protected":false},"excerpt":{"rendered":"<p>Os altos \u00edndices de viol\u00eancia contra jovens negros e pobres na regi\u00e3o de Juiz de Fora v\u00e3o pautar audi\u00eancia p\u00fablica que a Comiss\u00e3o de Direitos Humanos da Assembleia Legislativa de Minas Gerais (ALMG) far\u00e1 no munic\u00edpio na pr\u00f3xima segunda-feira, 4. A reuni\u00e3o foi solicitada pelo presidente da comiss\u00e3o, deputado Cristiano Silveira (PT), e ser\u00e1 realizada [&hellip;]<\/p>\n","protected":false},"author":96,"featured_media":86543,"comment_status":"closed","ping_status":"closed","sticky":false,"template":"","format":"standard","meta":{"footnotes":""},"categories":[254],"tags":[],"class_list":["post-86544","post","type-post","status-publish","format-standard","has-post-thumbnail","hentry","category-politica"],"_links":{"self":[{"href":"https:\/\/diarioregionaldigital.com.br\/index.php?rest_route=\/wp\/v2\/posts\/86544","targetHints":{"allow":["GET"]}}],"collection":[{"href":"https:\/\/diarioregionaldigital.com.br\/index.php?rest_route=\/wp\/v2\/posts"}],"about":[{"href":"https:\/\/diarioregionaldigital.com.br\/index.php?rest_route=\/wp\/v2\/types\/post"}],"author":[{"embeddable":true,"href":"https:\/\/diarioregionaldigital.com.br\/index.php?rest_route=\/wp\/v2\/users\/96"}],"replies":[{"embeddable":true,"href":"https:\/\/diarioregionaldigital.com.br\/index.php?rest_route=%2Fwp%2Fv2%2Fcomments&post=86544"}],"version-history":[{"count":0,"href":"https:\/\/diarioregionaldigital.com.br\/index.php?rest_route=\/wp\/v2\/posts\/86544\/revisions"}],"wp:featuredmedia":[{"embeddable":true,"href":"https:\/\/diarioregionaldigital.com.br\/index.php?rest_route=\/wp\/v2\/media\/86543"}],"wp:attachment":[{"href":"https:\/\/diarioregionaldigital.com.br\/index.php?rest_route=%2Fwp%2Fv2%2Fmedia&parent=86544"}],"wp:term":[{"taxonomy":"category","embeddable":true,"href":"https:\/\/diarioregionaldigital.com.br\/index.php?rest_route=%2Fwp%2Fv2%2Fcategories&post=86544"},{"taxonomy":"post_tag","embeddable":true,"href":"https:\/\/diarioregionaldigital.com.br\/index.php?rest_route=%2Fwp%2Fv2%2Ftags&post=86544"}],"curies":[{"name":"wp","href":"https:\/\/api.w.org\/{rel}","templated":true}]}}