{"id":86542,"date":"2017-12-01T17:47:39","date_gmt":"2017-12-01T19:47:39","guid":{"rendered":"http:\/\/diarioregionaljf.com.br\/2017\/12\/01\/suspeito-de-trafico-e-preso-pela-policia-civil-em-juiz-de-fora\/"},"modified":"2017-12-01T17:47:39","modified_gmt":"2017-12-01T19:47:39","slug":"suspeito-de-trafico-e-preso-pela-policia-civil-em-juiz-de-fora","status":"publish","type":"post","link":"https:\/\/diarioregionaldigital.com.br\/?p=86542","title":{"rendered":"Suspeito de tr\u00e1fico \u00e9 preso pela Pol\u00edcia Civil em Juiz de Fora"},"content":{"rendered":"<p>Um homem de 45 anos, suspeito de tr\u00e1fico, foi preso pela Pol\u00edcia Civil de Minas Gerais (PCMG) no bairro Valadares, em Juiz de Fora, nessa quinta-feira, 30. Segundo informa\u00e7\u00f5es da PC, o detido \u00e9 natural de Volta Redonda (RJ).<\/p>\n<p>Conforme informa\u00e7\u00f5es do titular da Delegacia Especializada Antidrogas, Delegado Rog\u00e9rio Woyame, a a\u00e7\u00e3o foi poss\u00edvel ap\u00f3s informa\u00e7\u00f5es de que o investigado estaria guardando drogas em uma pousada no bairro. No local, a equipe de policiais civis encontrou mais de 200 pedras de crack, duas por\u00e7\u00f5es de maconha, balan\u00e7a de precis\u00e3o, um ve\u00edculo e aproximadamente R$500.<\/p>\n<p>Ainda de acordo com a Pol\u00edcia Civil, a pris\u00e3o foi ratificada por tr\u00e1fico e o suspeito foi encaminhado ao sistema prisional.<\/p>\n","protected":false},"excerpt":{"rendered":"<p>Um homem de 45 anos, suspeito de tr\u00e1fico, foi preso pela Pol\u00edcia Civil de Minas Gerais (PCMG) no bairro Valadares, em Juiz de Fora, nessa quinta-feira, 30. Segundo informa\u00e7\u00f5es da PC, o detido \u00e9 natural de Volta Redonda (RJ). Conforme informa\u00e7\u00f5es do titular da Delegacia Especializada Antidrogas, Delegado Rog\u00e9rio Woyame, a a\u00e7\u00e3o foi poss\u00edvel ap\u00f3s [&hellip;]<\/p>\n","protected":false},"author":96,"featured_media":86541,"comment_status":"closed","ping_status":"closed","sticky":false,"template":"","format":"standard","meta":{"footnotes":""},"categories":[253],"tags":[],"class_list":["post-86542","post","type-post","status-publish","format-standard","has-post-thumbnail","hentry","category-cidade"],"_links":{"self":[{"href":"https:\/\/diarioregionaldigital.com.br\/index.php?rest_route=\/wp\/v2\/posts\/86542","targetHints":{"allow":["GET"]}}],"collection":[{"href":"https:\/\/diarioregionaldigital.com.br\/index.php?rest_route=\/wp\/v2\/posts"}],"about":[{"href":"https:\/\/diarioregionaldigital.com.br\/index.php?rest_route=\/wp\/v2\/types\/post"}],"author":[{"embeddable":true,"href":"https:\/\/diarioregionaldigital.com.br\/index.php?rest_route=\/wp\/v2\/users\/96"}],"replies":[{"embeddable":true,"href":"https:\/\/diarioregionaldigital.com.br\/index.php?rest_route=%2Fwp%2Fv2%2Fcomments&post=86542"}],"version-history":[{"count":0,"href":"https:\/\/diarioregionaldigital.com.br\/index.php?rest_route=\/wp\/v2\/posts\/86542\/revisions"}],"wp:featuredmedia":[{"embeddable":true,"href":"https:\/\/diarioregionaldigital.com.br\/index.php?rest_route=\/wp\/v2\/media\/86541"}],"wp:attachment":[{"href":"https:\/\/diarioregionaldigital.com.br\/index.php?rest_route=%2Fwp%2Fv2%2Fmedia&parent=86542"}],"wp:term":[{"taxonomy":"category","embeddable":true,"href":"https:\/\/diarioregionaldigital.com.br\/index.php?rest_route=%2Fwp%2Fv2%2Fcategories&post=86542"},{"taxonomy":"post_tag","embeddable":true,"href":"https:\/\/diarioregionaldigital.com.br\/index.php?rest_route=%2Fwp%2Fv2%2Ftags&post=86542"}],"curies":[{"name":"wp","href":"https:\/\/api.w.org\/{rel}","templated":true}]}}