{"id":86538,"date":"2017-12-01T17:38:50","date_gmt":"2017-12-01T19:38:50","guid":{"rendered":"http:\/\/diarioregionaljf.com.br\/2017\/12\/01\/maia-quer-discutir-novo-projeto-contra-trafico-de-drogas-e-armas-em-fevereiro\/"},"modified":"2017-12-01T17:38:50","modified_gmt":"2017-12-01T19:38:50","slug":"maia-quer-discutir-novo-projeto-contra-trafico-de-drogas-e-armas-em-fevereiro","status":"publish","type":"post","link":"https:\/\/diarioregionaldigital.com.br\/?p=86538","title":{"rendered":"Maia quer discutir novo projeto contra tr\u00e1fico de drogas e armas em fevereiro"},"content":{"rendered":"<p>Ao participar nessa sexta-feira, 1\u00ba de dezembro, de debate sobre seguran\u00e7a p\u00fablica, na C\u00e2mara de Com\u00e9rcio Americana, o presidente da C\u00e2mara dos Deputados, Rodrigo Maia, informou que, em fevereiro do ano que vem, pretende colocar em pauta o texto que prop\u00f5e mudan\u00e7as na legisla\u00e7\u00e3o dos crimes de tr\u00e1fico de drogas e de armas.<\/p>\n<p>Ele lembrou que o tema j\u00e1 foi discutido com 19 secret\u00e1rios estaduais de Seguran\u00e7a P\u00fablica e \u00e9 tratado por uma comiss\u00e3o de juristas coordenada pelo ministro Alexandre de Moraes, do Supremo Tribunal Federal.<\/p>\n<p>&#8220;\u00c9 claro que a pol\u00edtica de seguran\u00e7a n\u00e3o ser\u00e1 resolvida apenas pela mudan\u00e7a das leis ou da Constitui\u00e7\u00e3o. Essa moderniza\u00e7\u00e3o das leis, essa mudan\u00e7a que devemos discutir na Constitui\u00e7\u00e3o &#8211; para que fique clara a responsabilidade da Uni\u00e3o na pol\u00edtica de seguran\u00e7a p\u00fablica &#8211; ajuda muito e todos n\u00f3s na C\u00e2mara temos essa responsabilidade&#8221;, disse.<\/p>\n<p>&nbsp;<\/p>\n<h4>INVESTIMENTO<\/h4>\n<p>Ele disse tamb\u00e9m que o principal problema da seguran\u00e7a p\u00fablica no pa\u00eds \u00e9 a falta de financiamento e argumentou que a reforma da Previd\u00eancia, por exemplo, \u00e9 necess\u00e1ria para controlar os gastos p\u00fablicos e permitir investimentos no setor.<\/p>\n<p>&#8220;Qual \u00e9 o principal problema de seguran\u00e7a? Entre outros, \u00e9 como financiar a seguran\u00e7a p\u00fablica. Se voc\u00ea n\u00e3o organizar o lado da despesa, n\u00e3o tem como conseguir dinheiro para a seguran\u00e7a p\u00fablica, ou conseguir mais dinheiro para a educa\u00e7\u00e3o infantil.&#8221;<\/p>\n<p>O deputado disse ser &#8220;realista&#8221; e afirmou que a proposta de reforma da Previd\u00eancia ainda est\u00e1 &#8220;muito distante&#8221; dos 308 votos necess\u00e1rios para a sua aprova\u00e7\u00e3o e que vai continuar defendendo a vota\u00e7\u00e3o, mesmo se for necess\u00e1rio realiz\u00e1-la em ano eleitoral.<\/p>\n<p>&#8220;N\u00e3o consigo entender como algu\u00e9m vai para a elei\u00e7\u00e3o, promete alguma coisa para as pessoas que precisam do Estado brasileiro, de uma educa\u00e7\u00e3o de melhor qualidade, de uma sa\u00fade de melhor qualidade, sem discutir a Previd\u00eancia. Quem vai para a elei\u00e7\u00e3o querendo prometer isso para as pessoas que precisam, sem discutir o Estado brasileiro, no meu ponto de vista, est\u00e1 mentindo e mentindo muito&#8221;.<\/p>\n<p>&nbsp;<\/p>\n<h4>ERRO<\/h4>\n<p>Ap\u00f3s participar do evento, no qual tamb\u00e9m estava o secret\u00e1rio de Seguran\u00e7a P\u00fablica do Rio de Janeiro, Roberto S\u00e1, Maia disse que &#8220;talvez tenha sido um erro&#8221; pedir a exonera\u00e7\u00e3o do secret\u00e1rio na \u00e9poca dos confrontos constantes na favela da Rocinha, em setembro.<\/p>\n<p>&#8220;N\u00e3o cabe a mim discutir nomea\u00e7\u00e3o ou exonera\u00e7\u00e3o. Talvez tenha sido um erro meu, por ser morador do Rio de Janeiro, morador de S\u00e3o Conrado, por sempre ter convivido com uma rela\u00e7\u00e3o maravilhosa com os moradores da Rocinha e S\u00e3o Conrado, ver aquela situa\u00e7\u00e3o de descontrole.&#8221;<\/p>\n<p>Ao sair do evento, o secret\u00e1rio Roberto S\u00e1 disse que Maia e ele trabalham em sintonia e que conversaram sobre o assunto e se acertaram.<\/p>\n<p>Fonte: Ag\u00eancia Brasil<\/p>\n","protected":false},"excerpt":{"rendered":"<p>Ao participar nessa sexta-feira, 1\u00ba de dezembro, de debate sobre seguran\u00e7a p\u00fablica, na C\u00e2mara de Com\u00e9rcio Americana, o presidente da C\u00e2mara dos Deputados, Rodrigo Maia, informou que, em fevereiro do ano que vem, pretende colocar em pauta o texto que prop\u00f5e mudan\u00e7as na legisla\u00e7\u00e3o dos crimes de tr\u00e1fico de drogas e de armas. Ele lembrou [&hellip;]<\/p>\n","protected":false},"author":96,"featured_media":86537,"comment_status":"closed","ping_status":"closed","sticky":false,"template":"","format":"standard","meta":{"footnotes":""},"categories":[254],"tags":[],"class_list":["post-86538","post","type-post","status-publish","format-standard","has-post-thumbnail","hentry","category-politica"],"_links":{"self":[{"href":"https:\/\/diarioregionaldigital.com.br\/index.php?rest_route=\/wp\/v2\/posts\/86538","targetHints":{"allow":["GET"]}}],"collection":[{"href":"https:\/\/diarioregionaldigital.com.br\/index.php?rest_route=\/wp\/v2\/posts"}],"about":[{"href":"https:\/\/diarioregionaldigital.com.br\/index.php?rest_route=\/wp\/v2\/types\/post"}],"author":[{"embeddable":true,"href":"https:\/\/diarioregionaldigital.com.br\/index.php?rest_route=\/wp\/v2\/users\/96"}],"replies":[{"embeddable":true,"href":"https:\/\/diarioregionaldigital.com.br\/index.php?rest_route=%2Fwp%2Fv2%2Fcomments&post=86538"}],"version-history":[{"count":0,"href":"https:\/\/diarioregionaldigital.com.br\/index.php?rest_route=\/wp\/v2\/posts\/86538\/revisions"}],"wp:featuredmedia":[{"embeddable":true,"href":"https:\/\/diarioregionaldigital.com.br\/index.php?rest_route=\/wp\/v2\/media\/86537"}],"wp:attachment":[{"href":"https:\/\/diarioregionaldigital.com.br\/index.php?rest_route=%2Fwp%2Fv2%2Fmedia&parent=86538"}],"wp:term":[{"taxonomy":"category","embeddable":true,"href":"https:\/\/diarioregionaldigital.com.br\/index.php?rest_route=%2Fwp%2Fv2%2Fcategories&post=86538"},{"taxonomy":"post_tag","embeddable":true,"href":"https:\/\/diarioregionaldigital.com.br\/index.php?rest_route=%2Fwp%2Fv2%2Ftags&post=86538"}],"curies":[{"name":"wp","href":"https:\/\/api.w.org\/{rel}","templated":true}]}}