{"id":86534,"date":"2017-12-01T17:29:10","date_gmt":"2017-12-01T19:29:10","guid":{"rendered":"http:\/\/diarioregionaljf.com.br\/2017\/12\/01\/brasil-comeca-a-copa-enfrentando-suica-costa-rica-e-servia\/"},"modified":"2017-12-01T17:29:10","modified_gmt":"2017-12-01T19:29:10","slug":"brasil-comeca-a-copa-enfrentando-suica-costa-rica-e-servia","status":"publish","type":"post","link":"https:\/\/diarioregionaldigital.com.br\/?p=86534","title":{"rendered":"Brasil come\u00e7a a Copa enfrentando Su\u00ed\u00e7a, Costa Rica e S\u00e9rvia"},"content":{"rendered":"<p>O Brasil ter\u00e1 como advers\u00e1rios, na primeira fase da Copa do Mundo 2018, na R\u00fassia, pelo Grupo E, Su\u00ed\u00e7a, Costa Rica e S\u00e9rvia.<\/p>\n<p>A defini\u00e7\u00e3o dos oito grupos da primeira fase foi feita nessa sexta-feira, 1\u00ba de dezembro, em cerim\u00f4nia organizada pela Federa\u00e7\u00e3o Internacional de Futebol (Fifa), em Moscou.<\/p>\n<p>A partida de estreia da Sele\u00e7\u00e3o Brasileira ser\u00e1 no dia 17 de junho, contra a Su\u00ed\u00e7a, na cidade de Rostov-on-Don. Depois, o Brasil jogar\u00e1 com a Costa Rica, em S\u00e3o Petersburgo, no dia 22. E a terceira partida ser\u00e1 disputada em 27 de junho, contra a S\u00e9rvia.<\/p>\n<p>Caso o Brasil se classifique em primeiro lugar, enfrentar\u00e1 nas oitavas de final o segundo colocado do grupo F, formado por Alemanha, M\u00e9xico, Su\u00e9cia e Cor\u00e9ia do Sul. Caso se classifique em segundo lugar pelo grupo E, o Brasil ter\u00e1 pela frente o primeiro colocado do grupo F.<\/p>\n<p>Fonte: Ag\u00eancia Brasil<\/p>\n","protected":false},"excerpt":{"rendered":"<p>O Brasil ter\u00e1 como advers\u00e1rios, na primeira fase da Copa do Mundo 2018, na R\u00fassia, pelo Grupo E, Su\u00ed\u00e7a, Costa Rica e S\u00e9rvia. A defini\u00e7\u00e3o dos oito grupos da primeira fase foi feita nessa sexta-feira, 1\u00ba de dezembro, em cerim\u00f4nia organizada pela Federa\u00e7\u00e3o Internacional de Futebol (Fifa), em Moscou. A partida de estreia da Sele\u00e7\u00e3o [&hellip;]<\/p>\n","protected":false},"author":96,"featured_media":86533,"comment_status":"closed","ping_status":"closed","sticky":false,"template":"","format":"standard","meta":{"footnotes":""},"categories":[257],"tags":[],"class_list":["post-86534","post","type-post","status-publish","format-standard","has-post-thumbnail","hentry","category-esporte"],"_links":{"self":[{"href":"https:\/\/diarioregionaldigital.com.br\/index.php?rest_route=\/wp\/v2\/posts\/86534","targetHints":{"allow":["GET"]}}],"collection":[{"href":"https:\/\/diarioregionaldigital.com.br\/index.php?rest_route=\/wp\/v2\/posts"}],"about":[{"href":"https:\/\/diarioregionaldigital.com.br\/index.php?rest_route=\/wp\/v2\/types\/post"}],"author":[{"embeddable":true,"href":"https:\/\/diarioregionaldigital.com.br\/index.php?rest_route=\/wp\/v2\/users\/96"}],"replies":[{"embeddable":true,"href":"https:\/\/diarioregionaldigital.com.br\/index.php?rest_route=%2Fwp%2Fv2%2Fcomments&post=86534"}],"version-history":[{"count":0,"href":"https:\/\/diarioregionaldigital.com.br\/index.php?rest_route=\/wp\/v2\/posts\/86534\/revisions"}],"wp:featuredmedia":[{"embeddable":true,"href":"https:\/\/diarioregionaldigital.com.br\/index.php?rest_route=\/wp\/v2\/media\/86533"}],"wp:attachment":[{"href":"https:\/\/diarioregionaldigital.com.br\/index.php?rest_route=%2Fwp%2Fv2%2Fmedia&parent=86534"}],"wp:term":[{"taxonomy":"category","embeddable":true,"href":"https:\/\/diarioregionaldigital.com.br\/index.php?rest_route=%2Fwp%2Fv2%2Fcategories&post=86534"},{"taxonomy":"post_tag","embeddable":true,"href":"https:\/\/diarioregionaldigital.com.br\/index.php?rest_route=%2Fwp%2Fv2%2Ftags&post=86534"}],"curies":[{"name":"wp","href":"https:\/\/api.w.org\/{rel}","templated":true}]}}