{"id":86532,"date":"2017-12-01T17:21:54","date_gmt":"2017-12-01T19:21:54","guid":{"rendered":"http:\/\/diarioregionaljf.com.br\/2017\/12\/01\/no-dia-mundial-de-combate-a-aids-tuberculose-tambem-entra-em-pauta\/"},"modified":"2017-12-01T17:21:54","modified_gmt":"2017-12-01T19:21:54","slug":"no-dia-mundial-de-combate-a-aids-tuberculose-tambem-entra-em-pauta","status":"publish","type":"post","link":"https:\/\/diarioregionaldigital.com.br\/?p=86532","title":{"rendered":"No Dia Mundial de Combate \u00e0 Aids, tuberculose tamb\u00e9m entra em pauta"},"content":{"rendered":"<p>As doen\u00e7as oportunistas s\u00e3o uma das principais preocupa\u00e7\u00f5es dos m\u00e9dicos em rela\u00e7\u00e3o aos pacientes soropositivos em tratamento. E a tuberculose \u00e9 a doen\u00e7a que mais mata pacientes com Aids no pa\u00eds. Por isto, neste 1\u00ba de dezembro, Dia Mundial de Combate \u00e0 Aids, a Secretaria de Sa\u00fade da Prefeitura de Juiz de Fora (PJF) aproveita para chamar a aten\u00e7\u00e3o de toda a popula\u00e7\u00e3o para a import\u00e2ncia do diagn\u00f3stico precoce e tratamento correto da tuberculose.<\/p>\n<p>Pessoas infectadas pelo HIV t\u00eam quase 30 vezes mais chance de ter tuberculose do que as pessoas sadias. Cerca de 12% dos brasileiros infectados pela bact\u00e9ria da tuberculose s\u00e3o tamb\u00e9m portadores do v\u00edrus da Aids.<\/p>\n<p>Mas a preocupa\u00e7\u00e3o n\u00e3o deve estar apenas entre os portadores de HIV. A tuberculose \u00e9 uma doen\u00e7a que acomete pessoas no pa\u00eds inteiro, mas tem tratamento ofertado gratuitamente no SUS e tem cura. Quanto mais cedo a doen\u00e7a for diagnosticada, mais r\u00e1pido for iniciado o tratamento e seguido corretamente at\u00e9 o fim, maiores as chances de cura e redu\u00e7\u00e3o dos riscos de poss\u00edveis complica\u00e7\u00f5es.<\/p>\n<p>Segundo a enfermeira refer\u00eancia t\u00e9cnica do Programa Municipal de Controle da Tuberculose, do Setor de Doen\u00e7as Transmiss\u00edveis da Vigil\u00e2ncia Epidemiol\u00f3gica, Maria H\u00e9lida Pires de Almeida, o alerta deve ser a tosse. Se a pessoa est\u00e1 tossindo h\u00e1 mais de duas semanas, deve procurar uma Unidade B\u00e1sica de Sa\u00fade (UBS) mais pr\u00f3xima de sua casa, onde o exame de escarro \u00e9 solicitado e enviado para o laborat\u00f3rio. \u201cA identifica\u00e7\u00e3o do sintom\u00e1tico respirat\u00f3rio \u00e9 fundamental para o diagn\u00f3stico precoce\u201d. Na UBS, o escarro \u00e9 recolhido e enviado para an\u00e1lise. Caso seja positivo, segundo H\u00e9lida, o paciente j\u00e1 inicia o tratamento. \u201cQuanto mais cedo os doentes forem tratados, maiores s\u00e3o nossas chances de interromper a cadeia de transmiss\u00e3o.\u201d<\/p>\n<p>O tratamento dura seis meses e deve ser seguido \u00e0 risca. Isto porque se o paciente deixa de tomar a medica\u00e7\u00e3o ou toma de forma inconstante, a bact\u00e9ria se torna resistentes ao antibi\u00f3tico, levando \u00e0 necessidade de uso de medicamentos mais fortes, por mais tempo e contribuindo para a&nbsp; dissemina\u00e7\u00e3o de bact\u00e9rias resistentes.<\/p>\n<p>&nbsp;<\/p>\n<h4>OS SINTOMAS<\/h4>\n<p>Os sintomas mais frequentes s\u00e3o tosse, perda de peso, catarro, febre e sudorese \u00e0 noite. Mas, no in\u00edcio, pode aparecer apenas a tosse. Ent\u00e3o fique atento, se est\u00e1 tossindo h\u00e1 duas semanas, n\u00e3o pense duas vezes, v\u00e1 ao posto de sa\u00fade mais pr\u00f3ximo e fa\u00e7a o teste do escarro.<\/p>\n<p>No munic\u00edpio, os pacientes devem procurar as UBSs de seus bairros. Se voc\u00ea mora em \u00e1rea descoberta, procure o Servi\u00e7o de Tisiologia no PAM Marechal , t\u00e9rreo, loja 7.<\/p>\n<p>&nbsp;<\/p>\n<h4>\u201cDEZEMBRO VERMELHO\u201d<\/h4>\n<p>O dia 1\u00ba de dezembro ser\u00e1 marcado por mobiliza\u00e7\u00e3o no Cal\u00e7ad\u00e3o da Rua Halfeld, entre 9h e 13h. Quem passar em frente ao Cine-Theatro Central receber\u00e1 informa\u00e7\u00f5es sobre a tuberculose e tamb\u00e9m sobre as formas de preven\u00e7\u00e3o e tratamento da Aids.<\/p>\n<p>O momento mais importante do dia acontece com o \u201cAto em Defesa da Vida\u201d, com concentra\u00e7\u00e3o no Parque Halfeld, \u00e0s 11 horas, e sa\u00edda \u00e0s 12 horas at\u00e9 o Cine-Theatro Central, onde ser\u00e1 formado la\u00e7o humano, e encerramento com apresenta\u00e7\u00e3o cultural.<\/p>\n<p>Fonte: Assessoria<\/p>\n","protected":false},"excerpt":{"rendered":"<p>As doen\u00e7as oportunistas s\u00e3o uma das principais preocupa\u00e7\u00f5es dos m\u00e9dicos em rela\u00e7\u00e3o aos pacientes soropositivos em tratamento. E a tuberculose \u00e9 a doen\u00e7a que mais mata pacientes com Aids no pa\u00eds. Por isto, neste 1\u00ba de dezembro, Dia Mundial de Combate \u00e0 Aids, a Secretaria de Sa\u00fade da Prefeitura de Juiz de Fora (PJF) aproveita [&hellip;]<\/p>\n","protected":false},"author":96,"featured_media":86531,"comment_status":"closed","ping_status":"closed","sticky":false,"template":"","format":"standard","meta":{"footnotes":""},"categories":[253],"tags":[],"class_list":["post-86532","post","type-post","status-publish","format-standard","has-post-thumbnail","hentry","category-cidade"],"_links":{"self":[{"href":"https:\/\/diarioregionaldigital.com.br\/index.php?rest_route=\/wp\/v2\/posts\/86532","targetHints":{"allow":["GET"]}}],"collection":[{"href":"https:\/\/diarioregionaldigital.com.br\/index.php?rest_route=\/wp\/v2\/posts"}],"about":[{"href":"https:\/\/diarioregionaldigital.com.br\/index.php?rest_route=\/wp\/v2\/types\/post"}],"author":[{"embeddable":true,"href":"https:\/\/diarioregionaldigital.com.br\/index.php?rest_route=\/wp\/v2\/users\/96"}],"replies":[{"embeddable":true,"href":"https:\/\/diarioregionaldigital.com.br\/index.php?rest_route=%2Fwp%2Fv2%2Fcomments&post=86532"}],"version-history":[{"count":0,"href":"https:\/\/diarioregionaldigital.com.br\/index.php?rest_route=\/wp\/v2\/posts\/86532\/revisions"}],"wp:featuredmedia":[{"embeddable":true,"href":"https:\/\/diarioregionaldigital.com.br\/index.php?rest_route=\/wp\/v2\/media\/86531"}],"wp:attachment":[{"href":"https:\/\/diarioregionaldigital.com.br\/index.php?rest_route=%2Fwp%2Fv2%2Fmedia&parent=86532"}],"wp:term":[{"taxonomy":"category","embeddable":true,"href":"https:\/\/diarioregionaldigital.com.br\/index.php?rest_route=%2Fwp%2Fv2%2Fcategories&post=86532"},{"taxonomy":"post_tag","embeddable":true,"href":"https:\/\/diarioregionaldigital.com.br\/index.php?rest_route=%2Fwp%2Fv2%2Ftags&post=86532"}],"curies":[{"name":"wp","href":"https:\/\/api.w.org\/{rel}","templated":true}]}}