{"id":86530,"date":"2017-12-01T17:19:49","date_gmt":"2017-12-01T19:19:49","guid":{"rendered":"http:\/\/diarioregionaljf.com.br\/2017\/12\/01\/suspeitos-de-roubo-a-mao-armada-sao-presos-em-vicosa\/"},"modified":"2017-12-01T17:19:49","modified_gmt":"2017-12-01T19:19:49","slug":"suspeitos-de-roubo-a-mao-armada-sao-presos-em-vicosa","status":"publish","type":"post","link":"https:\/\/diarioregionaldigital.com.br\/?p=86530","title":{"rendered":"Suspeitos de roubo \u00e0 m\u00e3o armada s\u00e3o presos em Vi\u00e7osa"},"content":{"rendered":"<p>A Pol\u00edcia Civil de Minas Gerais (PCMG) cumpriu, em Vi\u00e7osa (a cerca de 169 Km de Juiz de Fora), mandado de busca e apreens\u00e3o em desfavor de dois jovens, de 18 e 22 anos, nesta sexta-feira, 1\u00ba. Investiga\u00e7\u00f5es apontam que eles estariam envolvidos em roubos \u00e0 m\u00e3o armada, praticados recentemente na regi\u00e3o.<\/p>\n<p>Segundo informa\u00e7\u00f5es da PC, na resid\u00eancia dos suspeitos, no Bairro Nova Era, foram encontrados um rev\u00f3lver calibre 38, com cinco projeteis, drogas e um r\u00e1dio \u201cht\u201d, na frequ\u00eancia da PM.<\/p>\n<p>A dupla \u00e9 suspeita de ter assaltado, h\u00e1 poucos dias, uma ag\u00eancia dos Correios na cidade de Catas Altas (MG), subtraindo aproximadamente R$130 mil. Al\u00e9m disso, eles possuem v\u00e1rias passagens na pol\u00edcia por crimes de furto.<\/p>\n<p>Ap\u00f3s as buscas, a equipe de policiais civis efetuou a pris\u00e3o em flagrante dos dois e, posteriormente, os encaminhou ao sistema prisional.<\/p>\n","protected":false},"excerpt":{"rendered":"<p>A Pol\u00edcia Civil de Minas Gerais (PCMG) cumpriu, em Vi\u00e7osa (a cerca de 169 Km de Juiz de Fora), mandado de busca e apreens\u00e3o em desfavor de dois jovens, de 18 e 22 anos, nesta sexta-feira, 1\u00ba. Investiga\u00e7\u00f5es apontam que eles estariam envolvidos em roubos \u00e0 m\u00e3o armada, praticados recentemente na regi\u00e3o. Segundo informa\u00e7\u00f5es da [&hellip;]<\/p>\n","protected":false},"author":96,"featured_media":86529,"comment_status":"closed","ping_status":"closed","sticky":false,"template":"","format":"standard","meta":{"footnotes":""},"categories":[252],"tags":[],"class_list":["post-86530","post","type-post","status-publish","format-standard","has-post-thumbnail","hentry","category-regiao"],"_links":{"self":[{"href":"https:\/\/diarioregionaldigital.com.br\/index.php?rest_route=\/wp\/v2\/posts\/86530","targetHints":{"allow":["GET"]}}],"collection":[{"href":"https:\/\/diarioregionaldigital.com.br\/index.php?rest_route=\/wp\/v2\/posts"}],"about":[{"href":"https:\/\/diarioregionaldigital.com.br\/index.php?rest_route=\/wp\/v2\/types\/post"}],"author":[{"embeddable":true,"href":"https:\/\/diarioregionaldigital.com.br\/index.php?rest_route=\/wp\/v2\/users\/96"}],"replies":[{"embeddable":true,"href":"https:\/\/diarioregionaldigital.com.br\/index.php?rest_route=%2Fwp%2Fv2%2Fcomments&post=86530"}],"version-history":[{"count":0,"href":"https:\/\/diarioregionaldigital.com.br\/index.php?rest_route=\/wp\/v2\/posts\/86530\/revisions"}],"wp:featuredmedia":[{"embeddable":true,"href":"https:\/\/diarioregionaldigital.com.br\/index.php?rest_route=\/wp\/v2\/media\/86529"}],"wp:attachment":[{"href":"https:\/\/diarioregionaldigital.com.br\/index.php?rest_route=%2Fwp%2Fv2%2Fmedia&parent=86530"}],"wp:term":[{"taxonomy":"category","embeddable":true,"href":"https:\/\/diarioregionaldigital.com.br\/index.php?rest_route=%2Fwp%2Fv2%2Fcategories&post=86530"},{"taxonomy":"post_tag","embeddable":true,"href":"https:\/\/diarioregionaldigital.com.br\/index.php?rest_route=%2Fwp%2Fv2%2Ftags&post=86530"}],"curies":[{"name":"wp","href":"https:\/\/api.w.org\/{rel}","templated":true}]}}