{"id":86528,"date":"2017-12-01T17:15:14","date_gmt":"2017-12-01T19:15:14","guid":{"rendered":"http:\/\/diarioregionaljf.com.br\/2017\/12\/01\/pesquisa-registra-variacao-de-precos-de-itens-natalinos\/"},"modified":"2017-12-01T17:15:14","modified_gmt":"2017-12-01T19:15:14","slug":"pesquisa-registra-variacao-de-precos-de-itens-natalinos","status":"publish","type":"post","link":"https:\/\/diarioregionaldigital.com.br\/?p=86528","title":{"rendered":"Pesquisa registra varia\u00e7\u00e3o de pre\u00e7os de itens natalinos"},"content":{"rendered":"<p>A Secretaria de Agropecu\u00e1ria e Abastecimento (SAA) da Prefeitura de Juiz de Fora (PJF) divulgou nessa quinta-feira, 30, o primeiro \u201cGuia do Consumidor Especial de Natal\u201d de 2017. A pesquisa compara semanalmente os pre\u00e7os de 59 produtos t\u00edpicos das festas de final de ano, em oito supermercados da cidade.<\/p>\n<p>Os produtos pesquisados s\u00e3o divididos nas categorias bebidas, carnes, frutas, enlatados e outros. A ameixa seca com caro\u00e7o foi o item que apresentou maior varia\u00e7\u00e3o dentre todos os itens da lista (340%). A sidra foi a bebida com maior diferen\u00e7a de pre\u00e7o (126,7%). Dentre as carnes, o pernil com osso lidera a lista com (51,4%) de varia\u00e7\u00e3o. O azeite extra-virgem foi o enlatado com maior diferen\u00e7a de pre\u00e7o registrada (61,5%).<\/p>\n<p>A lista completa com todos os itens e as varia\u00e7\u00f5es de pre\u00e7os pode ser conferida em <a href=\"https:\/\/www.pjf.mg.gov.br\/noticias\/anexo\/guia_de_natal_19.pdf\">anexo<\/a>.<\/p>\n<p>Fonte: Ag\u00eancia Brasil<\/p>\n","protected":false},"excerpt":{"rendered":"<p>A Secretaria de Agropecu\u00e1ria e Abastecimento (SAA) da Prefeitura de Juiz de Fora (PJF) divulgou nessa quinta-feira, 30, o primeiro \u201cGuia do Consumidor Especial de Natal\u201d de 2017. A pesquisa compara semanalmente os pre\u00e7os de 59 produtos t\u00edpicos das festas de final de ano, em oito supermercados da cidade. Os produtos pesquisados s\u00e3o divididos nas [&hellip;]<\/p>\n","protected":false},"author":96,"featured_media":86527,"comment_status":"closed","ping_status":"closed","sticky":false,"template":"","format":"standard","meta":{"footnotes":""},"categories":[253],"tags":[],"class_list":["post-86528","post","type-post","status-publish","format-standard","has-post-thumbnail","hentry","category-cidade"],"_links":{"self":[{"href":"https:\/\/diarioregionaldigital.com.br\/index.php?rest_route=\/wp\/v2\/posts\/86528","targetHints":{"allow":["GET"]}}],"collection":[{"href":"https:\/\/diarioregionaldigital.com.br\/index.php?rest_route=\/wp\/v2\/posts"}],"about":[{"href":"https:\/\/diarioregionaldigital.com.br\/index.php?rest_route=\/wp\/v2\/types\/post"}],"author":[{"embeddable":true,"href":"https:\/\/diarioregionaldigital.com.br\/index.php?rest_route=\/wp\/v2\/users\/96"}],"replies":[{"embeddable":true,"href":"https:\/\/diarioregionaldigital.com.br\/index.php?rest_route=%2Fwp%2Fv2%2Fcomments&post=86528"}],"version-history":[{"count":0,"href":"https:\/\/diarioregionaldigital.com.br\/index.php?rest_route=\/wp\/v2\/posts\/86528\/revisions"}],"wp:featuredmedia":[{"embeddable":true,"href":"https:\/\/diarioregionaldigital.com.br\/index.php?rest_route=\/wp\/v2\/media\/86527"}],"wp:attachment":[{"href":"https:\/\/diarioregionaldigital.com.br\/index.php?rest_route=%2Fwp%2Fv2%2Fmedia&parent=86528"}],"wp:term":[{"taxonomy":"category","embeddable":true,"href":"https:\/\/diarioregionaldigital.com.br\/index.php?rest_route=%2Fwp%2Fv2%2Fcategories&post=86528"},{"taxonomy":"post_tag","embeddable":true,"href":"https:\/\/diarioregionaldigital.com.br\/index.php?rest_route=%2Fwp%2Fv2%2Ftags&post=86528"}],"curies":[{"name":"wp","href":"https:\/\/api.w.org\/{rel}","templated":true}]}}