{"id":86524,"date":"2017-12-01T16:46:28","date_gmt":"2017-12-01T18:46:28","guid":{"rendered":"http:\/\/diarioregionaljf.com.br\/2017\/12\/01\/justica-condena-pm-acusado-de-integrar-grupo-de-exterminio-a-79-anos-de-prisao\/"},"modified":"2017-12-01T16:46:28","modified_gmt":"2017-12-01T18:46:28","slug":"justica-condena-pm-acusado-de-integrar-grupo-de-exterminio-a-79-anos-de-prisao","status":"publish","type":"post","link":"https:\/\/diarioregionaldigital.com.br\/?p=86524","title":{"rendered":"Justi\u00e7a condena PM acusado de integrar grupo de exterm\u00ednio a 79 anos de pris\u00e3o"},"content":{"rendered":"<p>O Tribunal do J\u00fari da 4\u00aa Vara Criminal de S\u00e3o Gon\u00e7alo, regi\u00e3o metropolitana do Rio de Janeiro, condenou o policial militar Alexsandro Horffamm Lopes a 79 anos de pris\u00e3o por homic\u00eddio qualificado, extors\u00e3o mediante sequestro e associa\u00e7\u00e3o criminosa pelas mortes de dois traficantes, em 2010. Ele \u00e9 apontado como um dos l\u00edderes de um grupo de exterm\u00ednio formado por policias civis e militares, investigado pela ju\u00edza Patr\u00edcia Acioli, assassinada em 2011. Patr\u00edcia tamb\u00e9m era ju\u00edza de S\u00e3o Gon\u00e7alo e foi morta quando chegava em casa, na entrada do condom\u00ednio onde morava, em Piratininga, Niter\u00f3i, quando retornava do tribunal. Outros 13 integrantes da quadrilha tamb\u00e9m foram denunciados pelos mesmos crimes.<\/p>\n<p>De acordo com a den\u00fancia feita pelo Minist\u00e9rio P\u00fablico, Lopes organizava as a\u00e7\u00f5es cometidas pelo grupo. Ele esteve presente no local da execu\u00e7\u00e3o de Diego Torres da Silva e Rafael Dias de Miranda em julho de 2010, no bairro Jardim Catarina, e determinou a outros cinco integrantes do grupo como o assassinato deveria ser feito.<\/p>\n<p>A ju\u00edza Juliana Grillo El-Jaick destacou na senten\u00e7a que a forma como o crime foi cometido impediu a defesa das v\u00edtimas, j\u00e1 que a quadrilha estava em maior n\u00famero e com mais recursos. A magistrada tamb\u00e9m negou o pedido para que Lopes recorresse em liberdade.<\/p>\n<p>\u201cO apenado n\u00e3o faz jus ao direito de apelar em liberdade, vez que permaneceu preso a todo o processo, de forma que n\u00e3o faz sentido solt\u00e1-lo agora, ap\u00f3s a decreta\u00e7\u00e3o de senten\u00e7a condenat\u00f3ria. Ademais, a pris\u00e3o do mesmo se apresenta necess\u00e1ria para garantir a aplica\u00e7\u00e3o da lei penal, pois, uma vez em liberdade, poderia tentar escapar da atua\u00e7\u00e3o estatal\u201d, avaliou.<\/p>\n<p>Fonte: Ag\u00eancia Brasil<\/p>\n","protected":false},"excerpt":{"rendered":"<p>O Tribunal do J\u00fari da 4\u00aa Vara Criminal de S\u00e3o Gon\u00e7alo, regi\u00e3o metropolitana do Rio de Janeiro, condenou o policial militar Alexsandro Horffamm Lopes a 79 anos de pris\u00e3o por homic\u00eddio qualificado, extors\u00e3o mediante sequestro e associa\u00e7\u00e3o criminosa pelas mortes de dois traficantes, em 2010. Ele \u00e9 apontado como um dos l\u00edderes de um grupo [&hellip;]<\/p>\n","protected":false},"author":96,"featured_media":86523,"comment_status":"closed","ping_status":"closed","sticky":false,"template":"","format":"standard","meta":{"footnotes":""},"categories":[302],"tags":[],"class_list":["post-86524","post","type-post","status-publish","format-standard","has-post-thumbnail","hentry","category-brasil-mundo"],"_links":{"self":[{"href":"https:\/\/diarioregionaldigital.com.br\/index.php?rest_route=\/wp\/v2\/posts\/86524","targetHints":{"allow":["GET"]}}],"collection":[{"href":"https:\/\/diarioregionaldigital.com.br\/index.php?rest_route=\/wp\/v2\/posts"}],"about":[{"href":"https:\/\/diarioregionaldigital.com.br\/index.php?rest_route=\/wp\/v2\/types\/post"}],"author":[{"embeddable":true,"href":"https:\/\/diarioregionaldigital.com.br\/index.php?rest_route=\/wp\/v2\/users\/96"}],"replies":[{"embeddable":true,"href":"https:\/\/diarioregionaldigital.com.br\/index.php?rest_route=%2Fwp%2Fv2%2Fcomments&post=86524"}],"version-history":[{"count":0,"href":"https:\/\/diarioregionaldigital.com.br\/index.php?rest_route=\/wp\/v2\/posts\/86524\/revisions"}],"wp:featuredmedia":[{"embeddable":true,"href":"https:\/\/diarioregionaldigital.com.br\/index.php?rest_route=\/wp\/v2\/media\/86523"}],"wp:attachment":[{"href":"https:\/\/diarioregionaldigital.com.br\/index.php?rest_route=%2Fwp%2Fv2%2Fmedia&parent=86524"}],"wp:term":[{"taxonomy":"category","embeddable":true,"href":"https:\/\/diarioregionaldigital.com.br\/index.php?rest_route=%2Fwp%2Fv2%2Fcategories&post=86524"},{"taxonomy":"post_tag","embeddable":true,"href":"https:\/\/diarioregionaldigital.com.br\/index.php?rest_route=%2Fwp%2Fv2%2Ftags&post=86524"}],"curies":[{"name":"wp","href":"https:\/\/api.w.org\/{rel}","templated":true}]}}