{"id":86522,"date":"2017-12-01T16:43:21","date_gmt":"2017-12-01T18:43:21","guid":{"rendered":"http:\/\/diarioregionaljf.com.br\/2017\/12\/01\/mairipora-confirma-a-morte-de-22-macacos-por-febre-amarela-neste-ano\/"},"modified":"2017-12-01T16:43:21","modified_gmt":"2017-12-01T18:43:21","slug":"mairipora-confirma-a-morte-de-22-macacos-por-febre-amarela-neste-ano","status":"publish","type":"post","link":"https:\/\/diarioregionaldigital.com.br\/?p=86522","title":{"rendered":"Mairipor\u00e3 confirma a morte de 22 macacos por febre amarela neste ano"},"content":{"rendered":"<p>A cidade de Mairipor\u00e3, na regi\u00e3o metropolitana de S\u00e3o Paulo, confirmou que 22 macacos morreram por febre amarela este ano. No total, foram encontrados 90 desses animais mortos na localidade, que \u00e9 cercada por Mata Atl\u00e2ntica, sendo que nove tiveram resultado negativo para a doen\u00e7a, nove resultados foram inconclusivos e 50 ainda s\u00e3o investigados pelo Instituto Adolfo Lutz.<\/p>\n<p>De acordo com a prefeitura, n\u00e3o houve caso de febre amarela urbana em Mairipor\u00e3 este ano. Devido \u00e0 proximidade da mata, 75% da popula\u00e7\u00e3o, que soma 95 mil habitantes, j\u00e1 recebeu a vacina. A meta da prefeitura \u00e9 vacinar todos as pessoas com a ajuda de uma for\u00e7a-tarefa a ser realizada neste final de semana.<\/p>\n<p>Segundo o \u00faltimo levantamento da Secretaria Estadual de Sa\u00fade de S\u00e3o Paulo, feito no \u00faltimo dia 10, foram notificados 23 casos de febre amarela silvestre em humanos no interior paulista, sendo que dez desses infectados morreram. No estado, foram encontrados 298 macacos mortos com a doen\u00e7a, a maior parte (283) na cidade de Campinas, no interior paulista.<\/p>\n<p>Na capital paulista, foram fechados o Parque Ecol\u00f3gico do Tiet\u00ea (zona leste), Parque da Cantareira e Horto Florestal (ambos zona oeste), ap\u00f3s macacos com diagn\u00f3stico confirmado para febre amarela serem encontrados mortos.<\/p>\n<p>O objetivo \u00e9 evitar uma poss\u00edvel dissemina\u00e7\u00e3o da doen\u00e7a. Os parques devem ser reabertos ao p\u00fablico em janeiro do pr\u00f3ximo ano, mas todos os frequentadores dever\u00e3o ter tomado a vacina ou ter aplicado repelente, no caso de pessoas com restri\u00e7\u00f5es \u00e0 imuniza\u00e7\u00e3o.<\/p>\n<p>Fonte: Ag\u00eancia Brasil<\/p>\n","protected":false},"excerpt":{"rendered":"<p>A cidade de Mairipor\u00e3, na regi\u00e3o metropolitana de S\u00e3o Paulo, confirmou que 22 macacos morreram por febre amarela este ano. No total, foram encontrados 90 desses animais mortos na localidade, que \u00e9 cercada por Mata Atl\u00e2ntica, sendo que nove tiveram resultado negativo para a doen\u00e7a, nove resultados foram inconclusivos e 50 ainda s\u00e3o investigados pelo [&hellip;]<\/p>\n","protected":false},"author":96,"featured_media":86521,"comment_status":"closed","ping_status":"closed","sticky":false,"template":"","format":"standard","meta":{"footnotes":""},"categories":[302],"tags":[],"class_list":["post-86522","post","type-post","status-publish","format-standard","has-post-thumbnail","hentry","category-brasil-mundo"],"_links":{"self":[{"href":"https:\/\/diarioregionaldigital.com.br\/index.php?rest_route=\/wp\/v2\/posts\/86522","targetHints":{"allow":["GET"]}}],"collection":[{"href":"https:\/\/diarioregionaldigital.com.br\/index.php?rest_route=\/wp\/v2\/posts"}],"about":[{"href":"https:\/\/diarioregionaldigital.com.br\/index.php?rest_route=\/wp\/v2\/types\/post"}],"author":[{"embeddable":true,"href":"https:\/\/diarioregionaldigital.com.br\/index.php?rest_route=\/wp\/v2\/users\/96"}],"replies":[{"embeddable":true,"href":"https:\/\/diarioregionaldigital.com.br\/index.php?rest_route=%2Fwp%2Fv2%2Fcomments&post=86522"}],"version-history":[{"count":0,"href":"https:\/\/diarioregionaldigital.com.br\/index.php?rest_route=\/wp\/v2\/posts\/86522\/revisions"}],"wp:featuredmedia":[{"embeddable":true,"href":"https:\/\/diarioregionaldigital.com.br\/index.php?rest_route=\/wp\/v2\/media\/86521"}],"wp:attachment":[{"href":"https:\/\/diarioregionaldigital.com.br\/index.php?rest_route=%2Fwp%2Fv2%2Fmedia&parent=86522"}],"wp:term":[{"taxonomy":"category","embeddable":true,"href":"https:\/\/diarioregionaldigital.com.br\/index.php?rest_route=%2Fwp%2Fv2%2Fcategories&post=86522"},{"taxonomy":"post_tag","embeddable":true,"href":"https:\/\/diarioregionaldigital.com.br\/index.php?rest_route=%2Fwp%2Fv2%2Ftags&post=86522"}],"curies":[{"name":"wp","href":"https:\/\/api.w.org\/{rel}","templated":true}]}}