{"id":86520,"date":"2017-12-01T16:37:45","date_gmt":"2017-12-01T18:37:45","guid":{"rendered":"http:\/\/diarioregionaljf.com.br\/2017\/12\/01\/estados-unidos-testam-sistema-de-aviso-antimisseis-no-havai\/"},"modified":"2017-12-01T16:37:45","modified_gmt":"2017-12-01T18:37:45","slug":"estados-unidos-testam-sistema-de-aviso-antimisseis-no-havai","status":"publish","type":"post","link":"https:\/\/diarioregionaldigital.com.br\/?p=86520","title":{"rendered":"Estados Unidos testam sistema de aviso antim\u00edsseis no Hava\u00ed"},"content":{"rendered":"<p>Os Estados Unidos come\u00e7am a testar nesta sexta-feira, 1\u00ba de dezembro, no Hava\u00ed, um sistema de aviso anti-m\u00edsseis. Os testes fazem parte de um plano de prepara\u00e7\u00e3o para um poss\u00edvel ataque da Coreia do Norte, a esse territ\u00f3rio insular dos EUA. Apesar da sua grande dist\u00e2ncia da Am\u00e9rica do Norte, o Hava\u00ed \u00e9 um estado americano, localizado no Oceano Pac\u00edfico, a quatro mil quil\u00f4metros a oeste da Calif\u00f3rnia.<\/p>\n<p>O teste acontece seis dias depois do regime norte-coreano ter lan\u00e7ado um m\u00edssil bal\u00edstico intercontinental no Mar do Jap\u00e3o. Segundo Pyongyang, o m\u00edssil seria capaz de atingir o territ\u00f3rio norte-americano. O pr\u00f3prio Pent\u00e1gono informou que o m\u00edssil foi o mais potente lan\u00e7ado at\u00e9 hoje pela Coreia do Norte.<\/p>\n<p>Especialistas em energia at\u00f4mica contudo n\u00e3o acreditam que Pyongyang j\u00e1 tenha desenvolvido uma ogiva nuclear compacta capaz de ser acoplada em um m\u00edssil de longo alcance, mas segundo interlocutores do Pent\u00e1gono, do Jap\u00e3o e da Coreia do Sul, o governo norte-coreano est\u00e1 avan\u00e7ando em seus testes para conseguir tal feito.<\/p>\n<p>Os testes com sistema de aviso no Hava\u00ed servir\u00e3o, segundo o governo norte-americano, para ensinar \u00e0 popula\u00e7\u00e3o a como reagir em caso de um ataque. Trata-se de uma simula\u00e7\u00e3o, o mesmo sistema usado em cat\u00e1strofes naturais, como furac\u00f5es, tsunamis e inc\u00eandios.<\/p>\n<p>Fonte: Ag\u00eancia Brasil<\/p>\n","protected":false},"excerpt":{"rendered":"<p>Os Estados Unidos come\u00e7am a testar nesta sexta-feira, 1\u00ba de dezembro, no Hava\u00ed, um sistema de aviso anti-m\u00edsseis. Os testes fazem parte de um plano de prepara\u00e7\u00e3o para um poss\u00edvel ataque da Coreia do Norte, a esse territ\u00f3rio insular dos EUA. Apesar da sua grande dist\u00e2ncia da Am\u00e9rica do Norte, o Hava\u00ed \u00e9 um estado [&hellip;]<\/p>\n","protected":false},"author":96,"featured_media":86519,"comment_status":"closed","ping_status":"closed","sticky":false,"template":"","format":"standard","meta":{"footnotes":""},"categories":[302],"tags":[],"class_list":["post-86520","post","type-post","status-publish","format-standard","has-post-thumbnail","hentry","category-brasil-mundo"],"_links":{"self":[{"href":"https:\/\/diarioregionaldigital.com.br\/index.php?rest_route=\/wp\/v2\/posts\/86520","targetHints":{"allow":["GET"]}}],"collection":[{"href":"https:\/\/diarioregionaldigital.com.br\/index.php?rest_route=\/wp\/v2\/posts"}],"about":[{"href":"https:\/\/diarioregionaldigital.com.br\/index.php?rest_route=\/wp\/v2\/types\/post"}],"author":[{"embeddable":true,"href":"https:\/\/diarioregionaldigital.com.br\/index.php?rest_route=\/wp\/v2\/users\/96"}],"replies":[{"embeddable":true,"href":"https:\/\/diarioregionaldigital.com.br\/index.php?rest_route=%2Fwp%2Fv2%2Fcomments&post=86520"}],"version-history":[{"count":0,"href":"https:\/\/diarioregionaldigital.com.br\/index.php?rest_route=\/wp\/v2\/posts\/86520\/revisions"}],"wp:featuredmedia":[{"embeddable":true,"href":"https:\/\/diarioregionaldigital.com.br\/index.php?rest_route=\/wp\/v2\/media\/86519"}],"wp:attachment":[{"href":"https:\/\/diarioregionaldigital.com.br\/index.php?rest_route=%2Fwp%2Fv2%2Fmedia&parent=86520"}],"wp:term":[{"taxonomy":"category","embeddable":true,"href":"https:\/\/diarioregionaldigital.com.br\/index.php?rest_route=%2Fwp%2Fv2%2Fcategories&post=86520"},{"taxonomy":"post_tag","embeddable":true,"href":"https:\/\/diarioregionaldigital.com.br\/index.php?rest_route=%2Fwp%2Fv2%2Ftags&post=86520"}],"curies":[{"name":"wp","href":"https:\/\/api.w.org\/{rel}","templated":true}]}}