{"id":86518,"date":"2017-12-01T16:35:00","date_gmt":"2017-12-01T18:35:00","guid":{"rendered":"http:\/\/diarioregionaljf.com.br\/2017\/12\/01\/imperador-japones-akihito-abdicara-do-trono-em-30-de-abril-de-2019\/"},"modified":"2017-12-01T16:35:00","modified_gmt":"2017-12-01T18:35:00","slug":"imperador-japones-akihito-abdicara-do-trono-em-30-de-abril-de-2019","status":"publish","type":"post","link":"https:\/\/diarioregionaldigital.com.br\/?p=86518","title":{"rendered":"Imperador japon\u00eas Akihito abdicar\u00e1 do trono em 30 de abril de 2019"},"content":{"rendered":"<p>O imperador Akihito renunciar\u00e1 ao trono do Jap\u00e3o no dia 30 de abril de 2019, a primeira abdica\u00e7\u00e3o de um monarca japon\u00eas em quase dois s\u00e9culos. A informa\u00e7\u00e3o \u00e9 da ag\u00eancia Reuters. Akihito passou a maior parte de suas quase tr\u00eas d\u00e9cadas no cargo tentando curar as feridas da Segunda Guerra Mundial.<\/p>\n<p>Os dez integrantes do Conselho da Casa Imperial \u2013 que conta com parlamentares, membros da realeza e ju\u00edzes da Suprema Corte e \u00e9 presidida pelo primeiro-ministro japon\u00eas, Shinzo Abe \u2013 concordou com a data nessa sexta-feira, 1\u00ba de dezembro.&nbsp;<\/p>\n<p>Akihito, que completa 84 anos em 23 de dezembro, j\u00e1 passou por uma cirurgia card\u00edaca e teve c\u00e2ncer de pr\u00f3stata. Ele disse no ano passado que teme que sua idade torne muito dif\u00edcil cumprir suas fun\u00e7\u00f5es.<\/p>\n<p>O imperador ser\u00e1 sucedido pelo pr\u00edncipe herdeiro Naruhito, de 57 anos.<\/p>\n<p>&#8220;Esta \u00e9 a primeira abdica\u00e7\u00e3o de um imperador em 200 anos e a primeira sob a Constitui\u00e7\u00e3o (do p\u00f3s-guerra)&#8221;, disse Abe aos rep\u00f3rteres ap\u00f3s a reuni\u00e3o. &#8220;Sinto muita emo\u00e7\u00e3o porque hoje a opini\u00e3o do Conselho da Casa Imperial foi decidida tranquilamente, e um grande passo foi dado rumo \u00e0 sucess\u00e3o imperial.&#8221;<\/p>\n<p>Antes considerado divino, o imperador japon\u00eas \u00e9 definido pela Constitui\u00e7\u00e3o do p\u00f3s-guerra como um &#8220;s\u00edmbolo do Estado e da unidade do povo&#8221;, mas n\u00e3o tem poder pol\u00edtico.<\/p>\n<p>Akihito, assim como a imperatriz Michiko, passou muito tempo tentando tratar do legado da Segunda Guerra Mundial, que foi disputada em nome de seu pai, Hirohito, e consolando as v\u00edtimas de desastres ou outras calamidades. Ele \u00e9 altamente respeitado pelos japoneses comuns.<\/p>\n<p>&#8220;Tanto o imperador quanto a imperatriz pensaram incansavelmente no povo&#8221;, disse Taeko Ito, um cuidador de 72 anos. &#8220;Agora ele \u00e9 idoso e desejo de todo o cora\u00e7\u00e3o que consiga descansar.&#8221;<\/p>\n<p>Akihito e Michiko, a primeira plebeia a se casar com um monarca japon\u00eas, trabalharam para reatar la\u00e7os abalados pela agress\u00e3o de seu pa\u00eds, antes e durante a Segunda Guerra Mundial, em toda a \u00c1sia, com muitas viagens ao exterior.<\/p>\n<p>Em 1992, Akihito se tornou o primeiro monarca do Jap\u00e3o no passado recente a visitar a China, onde lembran\u00e7as amargas da guerra sobrevivem. Durante a visita, ele disse &#8220;deplorar profundamente&#8221; um &#8220;per\u00edodo infeliz no qual meu pa\u00eds infligiu grande sofrimento ao povo da China&#8221;.<\/p>\n<p>Fonte: Ag\u00eancia Brasil<\/p>\n","protected":false},"excerpt":{"rendered":"<p>O imperador Akihito renunciar\u00e1 ao trono do Jap\u00e3o no dia 30 de abril de 2019, a primeira abdica\u00e7\u00e3o de um monarca japon\u00eas em quase dois s\u00e9culos. A informa\u00e7\u00e3o \u00e9 da ag\u00eancia Reuters. Akihito passou a maior parte de suas quase tr\u00eas d\u00e9cadas no cargo tentando curar as feridas da Segunda Guerra Mundial. Os dez integrantes [&hellip;]<\/p>\n","protected":false},"author":96,"featured_media":86517,"comment_status":"closed","ping_status":"closed","sticky":false,"template":"","format":"standard","meta":{"footnotes":""},"categories":[302],"tags":[],"class_list":["post-86518","post","type-post","status-publish","format-standard","has-post-thumbnail","hentry","category-brasil-mundo"],"_links":{"self":[{"href":"https:\/\/diarioregionaldigital.com.br\/index.php?rest_route=\/wp\/v2\/posts\/86518","targetHints":{"allow":["GET"]}}],"collection":[{"href":"https:\/\/diarioregionaldigital.com.br\/index.php?rest_route=\/wp\/v2\/posts"}],"about":[{"href":"https:\/\/diarioregionaldigital.com.br\/index.php?rest_route=\/wp\/v2\/types\/post"}],"author":[{"embeddable":true,"href":"https:\/\/diarioregionaldigital.com.br\/index.php?rest_route=\/wp\/v2\/users\/96"}],"replies":[{"embeddable":true,"href":"https:\/\/diarioregionaldigital.com.br\/index.php?rest_route=%2Fwp%2Fv2%2Fcomments&post=86518"}],"version-history":[{"count":0,"href":"https:\/\/diarioregionaldigital.com.br\/index.php?rest_route=\/wp\/v2\/posts\/86518\/revisions"}],"wp:featuredmedia":[{"embeddable":true,"href":"https:\/\/diarioregionaldigital.com.br\/index.php?rest_route=\/wp\/v2\/media\/86517"}],"wp:attachment":[{"href":"https:\/\/diarioregionaldigital.com.br\/index.php?rest_route=%2Fwp%2Fv2%2Fmedia&parent=86518"}],"wp:term":[{"taxonomy":"category","embeddable":true,"href":"https:\/\/diarioregionaldigital.com.br\/index.php?rest_route=%2Fwp%2Fv2%2Fcategories&post=86518"},{"taxonomy":"post_tag","embeddable":true,"href":"https:\/\/diarioregionaldigital.com.br\/index.php?rest_route=%2Fwp%2Fv2%2Ftags&post=86518"}],"curies":[{"name":"wp","href":"https:\/\/api.w.org\/{rel}","templated":true}]}}