{"id":86516,"date":"2017-12-01T16:30:18","date_gmt":"2017-12-01T18:30:18","guid":{"rendered":"http:\/\/diarioregionaljf.com.br\/2017\/12\/01\/ex-membros-do-governo-da-catalunha-comparecerao-a-suprema-corte-hoje\/"},"modified":"2017-12-01T16:30:18","modified_gmt":"2017-12-01T18:30:18","slug":"ex-membros-do-governo-da-catalunha-comparecerao-a-suprema-corte-hoje","status":"publish","type":"post","link":"https:\/\/diarioregionaldigital.com.br\/?p=86516","title":{"rendered":"Ex-membros do governo da Catalunha comparecer\u00e3o \u00e0 Suprema Corte hoje"},"content":{"rendered":"<p>Oito ex-membros do gabinete catal\u00e3o, atualmente detidos enquanto aguardam julgamento, comparecer\u00e3o \u00e0 Suprema Corte nesta sexta-feira, 1\u00ba de dezembro, ap\u00f3s solicitarem sua libera\u00e7\u00e3o antes de uma elei\u00e7\u00e3o regional que acontecer\u00e1 no dia 21 de dezembro, desencadeada por um contestado referendo de independ\u00eancia.<\/p>\n<p>O vice-presidente destitu\u00eddo da Catalunha, Oriol Junqueras, um dos principais candidatos do partido Esquerda Republicana da Catalunha (ERC) para a elei\u00e7\u00e3o, pediu autoriza\u00e7\u00e3o para deixar a cadeia para fazer campanha para a vota\u00e7\u00e3o convocada por Madri.<\/p>\n<p>Junqueras e outros sete ex-membros do gabinete regional da Catalunha foram detidos no dia 2 de novembro para aguardar julgamento de acusa\u00e7\u00f5es de insubordina\u00e7\u00e3o, rebeli\u00e3o e apropria\u00e7\u00e3o indevida de fundos depois que o governo catal\u00e3o declarou independ\u00eancia da Espanha.<\/p>\n<p>O referendo do dia 1\u00ba de outubro, considerado inconstitucional por Madri, e a subsequente proclama\u00e7\u00e3o de independ\u00eancia da rica regi\u00e3o arrastou a Espanha para a pior crise pol\u00edtica em d\u00e9cadas e levou o governo central a impor controle direto sobre a Catalunha.<\/p>\n<p>Todos os oito ex-membros do gabinete disseram que obedecer\u00e3o \u00e0 decis\u00e3o que deu a Madri o controle sobre a regi\u00e3o, de acordo com seus advogados, embora alguns tenham dito que n\u00e3o concordam com essa a\u00e7\u00e3o sem precedentes que retirou o poder do governo rebelde.<\/p>\n<p>A campanha para a elei\u00e7\u00e3o do dia 21 de dezembro, vista por partidos pr\u00f3-independ\u00eancia como um plebiscito de fato para a separa\u00e7\u00e3o da Espanha, come\u00e7a na noite de segunda-feira.<\/p>\n<p>Fonte: Ag\u00eancia Brasil<\/p>\n","protected":false},"excerpt":{"rendered":"<p>Oito ex-membros do gabinete catal\u00e3o, atualmente detidos enquanto aguardam julgamento, comparecer\u00e3o \u00e0 Suprema Corte nesta sexta-feira, 1\u00ba de dezembro, ap\u00f3s solicitarem sua libera\u00e7\u00e3o antes de uma elei\u00e7\u00e3o regional que acontecer\u00e1 no dia 21 de dezembro, desencadeada por um contestado referendo de independ\u00eancia. O vice-presidente destitu\u00eddo da Catalunha, Oriol Junqueras, um dos principais candidatos do partido [&hellip;]<\/p>\n","protected":false},"author":96,"featured_media":86515,"comment_status":"closed","ping_status":"closed","sticky":false,"template":"","format":"standard","meta":{"footnotes":""},"categories":[302],"tags":[],"class_list":["post-86516","post","type-post","status-publish","format-standard","has-post-thumbnail","hentry","category-brasil-mundo"],"_links":{"self":[{"href":"https:\/\/diarioregionaldigital.com.br\/index.php?rest_route=\/wp\/v2\/posts\/86516","targetHints":{"allow":["GET"]}}],"collection":[{"href":"https:\/\/diarioregionaldigital.com.br\/index.php?rest_route=\/wp\/v2\/posts"}],"about":[{"href":"https:\/\/diarioregionaldigital.com.br\/index.php?rest_route=\/wp\/v2\/types\/post"}],"author":[{"embeddable":true,"href":"https:\/\/diarioregionaldigital.com.br\/index.php?rest_route=\/wp\/v2\/users\/96"}],"replies":[{"embeddable":true,"href":"https:\/\/diarioregionaldigital.com.br\/index.php?rest_route=%2Fwp%2Fv2%2Fcomments&post=86516"}],"version-history":[{"count":0,"href":"https:\/\/diarioregionaldigital.com.br\/index.php?rest_route=\/wp\/v2\/posts\/86516\/revisions"}],"wp:featuredmedia":[{"embeddable":true,"href":"https:\/\/diarioregionaldigital.com.br\/index.php?rest_route=\/wp\/v2\/media\/86515"}],"wp:attachment":[{"href":"https:\/\/diarioregionaldigital.com.br\/index.php?rest_route=%2Fwp%2Fv2%2Fmedia&parent=86516"}],"wp:term":[{"taxonomy":"category","embeddable":true,"href":"https:\/\/diarioregionaldigital.com.br\/index.php?rest_route=%2Fwp%2Fv2%2Fcategories&post=86516"},{"taxonomy":"post_tag","embeddable":true,"href":"https:\/\/diarioregionaldigital.com.br\/index.php?rest_route=%2Fwp%2Fv2%2Ftags&post=86516"}],"curies":[{"name":"wp","href":"https:\/\/api.w.org\/{rel}","templated":true}]}}