{"id":86514,"date":"2017-12-01T15:43:02","date_gmt":"2017-12-01T17:43:02","guid":{"rendered":"http:\/\/diarioregionaljf.com.br\/2017\/12\/01\/passageiro-de-onibus-e-preso-por-trafico-de-drogas-com-71-tabletes-de-maconha\/"},"modified":"2017-12-01T15:43:02","modified_gmt":"2017-12-01T17:43:02","slug":"passageiro-de-onibus-e-preso-por-trafico-de-drogas-com-71-tabletes-de-maconha","status":"publish","type":"post","link":"https:\/\/diarioregionaldigital.com.br\/?p=86514","title":{"rendered":"Passageiro de \u00f4nibus \u00e9 preso por tr\u00e1fico de drogas com 71 tabletes de maconha"},"content":{"rendered":"<p>Por volta das 3h00 da madrugada desta sexta-feira, 1\u00ba, a Pol\u00edcia Rodovi\u00e1ria Federal (PRF) prendeu um passageiro de um \u00f4nibus da linha S\u00e3o Paulo X Juiz de Fora.<\/p>\n<p>De acordo com o registro da ocorr\u00eancia, o \u00f4nibus foi abordado na altura do km 318 da Dutra, no ped\u00e1gio de Itatiaia, durante fiscaliza\u00e7\u00e3o de combate ao narcotr\u00e1fico, na Opera\u00e7\u00e3o \u00c9gide.<\/p>\n<p>Durante fiscaliza\u00e7\u00e3o no bagageiro do ve\u00edculo, foram encontradas duas malas contendo no total 71 tabletes de maconha, um peso total de aproximadamente 57 kg. O passageiro respons\u00e1vel pela mala, de 40 anos, foi identificado, e recebeu voz de pris\u00e3o por tr\u00e1fico de drogas. A ocorr\u00eancia foi encaminhada para o 99\u00aa Departamento de Pol\u00edcia de Itatiaia.<\/p>\n<p>Fonte: Assessoria \/ PRF<\/p>\n","protected":false},"excerpt":{"rendered":"<p>Por volta das 3h00 da madrugada desta sexta-feira, 1\u00ba, a Pol\u00edcia Rodovi\u00e1ria Federal (PRF) prendeu um passageiro de um \u00f4nibus da linha S\u00e3o Paulo X Juiz de Fora. De acordo com o registro da ocorr\u00eancia, o \u00f4nibus foi abordado na altura do km 318 da Dutra, no ped\u00e1gio de Itatiaia, durante fiscaliza\u00e7\u00e3o de combate ao [&hellip;]<\/p>\n","protected":false},"author":96,"featured_media":86513,"comment_status":"closed","ping_status":"closed","sticky":false,"template":"","format":"standard","meta":{"footnotes":""},"categories":[252],"tags":[],"class_list":["post-86514","post","type-post","status-publish","format-standard","has-post-thumbnail","hentry","category-regiao"],"_links":{"self":[{"href":"https:\/\/diarioregionaldigital.com.br\/index.php?rest_route=\/wp\/v2\/posts\/86514","targetHints":{"allow":["GET"]}}],"collection":[{"href":"https:\/\/diarioregionaldigital.com.br\/index.php?rest_route=\/wp\/v2\/posts"}],"about":[{"href":"https:\/\/diarioregionaldigital.com.br\/index.php?rest_route=\/wp\/v2\/types\/post"}],"author":[{"embeddable":true,"href":"https:\/\/diarioregionaldigital.com.br\/index.php?rest_route=\/wp\/v2\/users\/96"}],"replies":[{"embeddable":true,"href":"https:\/\/diarioregionaldigital.com.br\/index.php?rest_route=%2Fwp%2Fv2%2Fcomments&post=86514"}],"version-history":[{"count":0,"href":"https:\/\/diarioregionaldigital.com.br\/index.php?rest_route=\/wp\/v2\/posts\/86514\/revisions"}],"wp:featuredmedia":[{"embeddable":true,"href":"https:\/\/diarioregionaldigital.com.br\/index.php?rest_route=\/wp\/v2\/media\/86513"}],"wp:attachment":[{"href":"https:\/\/diarioregionaldigital.com.br\/index.php?rest_route=%2Fwp%2Fv2%2Fmedia&parent=86514"}],"wp:term":[{"taxonomy":"category","embeddable":true,"href":"https:\/\/diarioregionaldigital.com.br\/index.php?rest_route=%2Fwp%2Fv2%2Fcategories&post=86514"},{"taxonomy":"post_tag","embeddable":true,"href":"https:\/\/diarioregionaldigital.com.br\/index.php?rest_route=%2Fwp%2Fv2%2Ftags&post=86514"}],"curies":[{"name":"wp","href":"https:\/\/api.w.org\/{rel}","templated":true}]}}