{"id":86392,"date":"2017-11-29T22:34:32","date_gmt":"2017-11-30T00:34:32","guid":{"rendered":"http:\/\/diarioregionaljf.com.br\/2017\/11\/29\/tre-mantem-preventiva-de-garotinho-e-concede-prisao-domiciliar-a-rosinha\/"},"modified":"2017-11-29T22:34:32","modified_gmt":"2017-11-30T00:34:32","slug":"tre-mantem-preventiva-de-garotinho-e-concede-prisao-domiciliar-a-rosinha","status":"publish","type":"post","link":"https:\/\/diarioregionaldigital.com.br\/?p=86392","title":{"rendered":"TRE mant\u00e9m preventiva de Garotinho e concede pris\u00e3o domiciliar a Rosinha"},"content":{"rendered":"<p>O Tribunal Regional Eleitoral (TRE) do Rio de Janeiro decidiu manter a pris\u00e3o do ex-governador Anthony Garotinho e concedeu medida cautelar \u00e0 mulher dele, a ex-governadora e ex-prefeita de Campos Rosinha Garotinho, permitindo que ela deixe a Cadeia P\u00fablica Jos\u00e9 Frederico Marques, em Benfica, e fique restrita a sua resid\u00eancia, com recolhimento noturno e monitoramento eletr\u00f4nico.<\/p>\n<p>Os pedidos foram feitos nesta quarta-feira, 29, pela Procuradoria Regional Eleitoral (PRE) e aceitos pelos magistrados do TRE, por unanimidade. A defesa de Rosinha impetrou habeas corpus com igual sentido e sustentou que ela n\u00e3o praticou os fatos imputados ao marido.<\/p>\n<p>Quanto a Garotinho, os desembargadores eleitorais tamb\u00e9m acompanharam o pedido da procuradoria e mantiveram a pris\u00e3o preventiva. Eles discordaram da defesa de Garotinho, que sustentou sua inoc\u00eancia.<\/p>\n<p>Atualmente o ex-governador est\u00e1 no Complexo Penitenci\u00e1rio de Bangu, ap\u00f3s ter sido transferido de Benfica, pela Secretaria de Estado de Administra\u00e7\u00e3o Penitenci\u00e1ria (Seap), por ter supostamente inventado um caso de agress\u00e3o.<\/p>\n<p>Garotinho est\u00e1 preso por determina\u00e7\u00e3o da justi\u00e7a Eleitoral de Campos dos Goytacazes, ber\u00e7o pol\u00edtico do casal, que ocupou a prefeitura do munic\u00edpio mais de uma vez. A Procuradoria Regional Eleitoral acusa Garotinho de ter recebido R$ 3 milh\u00f5es em caixa 2 do grupo J&amp;F, durante a campanha eleitoral ao governo do estado em 2014.<\/p>\n<p>Tamb\u00e9m sustenta que houve coa\u00e7\u00e3o e amea\u00e7a, inclusive com uso de armas de fogo, por meio de um emiss\u00e1rio, e da m\u00e1quina p\u00fablica, para o recebimento dos valores, de empres\u00e1rios. &#8220;O paciente possui personalidade voltada para o crime&#8221;, declarou o procurador regional eleitoral, Sidney Madruga.<\/p>\n<p>O advogado de Garotinho adiantou que vai recorrer ao Tribunal Superior Eleitoral (TSE).<\/p>\n<hr \/>\n<p>&nbsp;Fonte: Ag\u00eancia Brasil<\/p>\n","protected":false},"excerpt":{"rendered":"<p>O Tribunal Regional Eleitoral (TRE) do Rio de Janeiro decidiu manter a pris\u00e3o do ex-governador Anthony Garotinho e concedeu medida cautelar \u00e0 mulher dele, a ex-governadora e ex-prefeita de Campos Rosinha Garotinho, permitindo que ela deixe a Cadeia P\u00fablica Jos\u00e9 Frederico Marques, em Benfica, e fique restrita a sua resid\u00eancia, com recolhimento noturno e monitoramento [&hellip;]<\/p>\n","protected":false},"author":96,"featured_media":86391,"comment_status":"closed","ping_status":"closed","sticky":false,"template":"","format":"standard","meta":{"footnotes":""},"categories":[254],"tags":[],"class_list":["post-86392","post","type-post","status-publish","format-standard","has-post-thumbnail","hentry","category-politica"],"_links":{"self":[{"href":"https:\/\/diarioregionaldigital.com.br\/index.php?rest_route=\/wp\/v2\/posts\/86392","targetHints":{"allow":["GET"]}}],"collection":[{"href":"https:\/\/diarioregionaldigital.com.br\/index.php?rest_route=\/wp\/v2\/posts"}],"about":[{"href":"https:\/\/diarioregionaldigital.com.br\/index.php?rest_route=\/wp\/v2\/types\/post"}],"author":[{"embeddable":true,"href":"https:\/\/diarioregionaldigital.com.br\/index.php?rest_route=\/wp\/v2\/users\/96"}],"replies":[{"embeddable":true,"href":"https:\/\/diarioregionaldigital.com.br\/index.php?rest_route=%2Fwp%2Fv2%2Fcomments&post=86392"}],"version-history":[{"count":0,"href":"https:\/\/diarioregionaldigital.com.br\/index.php?rest_route=\/wp\/v2\/posts\/86392\/revisions"}],"wp:featuredmedia":[{"embeddable":true,"href":"https:\/\/diarioregionaldigital.com.br\/index.php?rest_route=\/wp\/v2\/media\/86391"}],"wp:attachment":[{"href":"https:\/\/diarioregionaldigital.com.br\/index.php?rest_route=%2Fwp%2Fv2%2Fmedia&parent=86392"}],"wp:term":[{"taxonomy":"category","embeddable":true,"href":"https:\/\/diarioregionaldigital.com.br\/index.php?rest_route=%2Fwp%2Fv2%2Fcategories&post=86392"},{"taxonomy":"post_tag","embeddable":true,"href":"https:\/\/diarioregionaldigital.com.br\/index.php?rest_route=%2Fwp%2Fv2%2Ftags&post=86392"}],"curies":[{"name":"wp","href":"https:\/\/api.w.org\/{rel}","templated":true}]}}