{"id":86379,"date":"2017-11-29T22:26:55","date_gmt":"2017-11-30T00:26:55","guid":{"rendered":"http:\/\/diarioregionaljf.com.br\/2017\/11\/29\/indicador-de-incerteza-da-economia-subiu-1-8-pontos\/"},"modified":"2017-11-29T22:26:55","modified_gmt":"2017-11-30T00:26:55","slug":"indicador-de-incerteza-da-economia-subiu-1-8-pontos","status":"publish","type":"post","link":"https:\/\/diarioregionaldigital.com.br\/?p=86379","title":{"rendered":"Indicador de Incerteza da Economia subiu 1,8 pontos"},"content":{"rendered":"<p>Dados divulgados nesta quarta-feira, 29, pelo Instituto Brasileiro de Economia da Funda\u00e7\u00e3o Getulio Vargas (Ibre\/FGV) mostram que o Indicador de Incerteza da Economia (IIE-Br) subiu 1,8 pontos entre outubro e novembro deste ano, ao passar de 111 pontos para 112,8 pontos.<\/p>\n<p>Na avalia\u00e7\u00e3o da FGV, a alta pode ser interpretada como um movimento de acomoda\u00e7\u00e3o ap\u00f3s o indicador ter recuado 31,5 pontos ao longo dos cinco meses anteriores. Mas, se por um lado \u201cparece que a tempestade passou\u201d, por outro, \u201ca bonan\u00e7a est\u00e1 longe de chegar\u201d.<\/p>\n<p>Para o economista Pedro Costa Ferreira \u201co fim da recess\u00e3o econ\u00f4mica , a confian\u00e7a de que o atual presidente terminar\u00e1 o seu mandato trazem algum al\u00edvio ao sentimento de inseguran\u00e7a\u201d.<\/p>\n<p>Ele chama a aten\u00e7\u00e3o, para o fato de que \u201cas dificuldades para aprovar as reformas estruturantes, o desequil\u00edbrio fiscal e as divis\u00f5es pol\u00edtico-partid\u00e1rias mostram que ainda \u00e9 cedo para sair do estado de alerta. Estes fatos refletem no resultado do Indicador de Incerteza da Economia, em novembro\u201d.<\/p>\n<p><strong>Influ\u00eancias<\/strong><\/p>\n<p>O Indicador de Incerteza da Economia Brasil revela que a alta do IIE-Br em novembro foi determinada pela m\u00eddia e mercado, uma vez que o IIE-Br Expectativa fechou o m\u00eas em queda.<\/p>\n<p>Enquanto o IIE-Br m\u00eddia registrou eleva\u00e7\u00e3o de 1,8 ponto no m\u00eas, contribuindo com 1,5 ponto para o comportamento do \u00edndice geral; e o IIE-Br mercado avan\u00e7ou 3,1 pontos com contribui\u00e7\u00e3o de 0,4 ponto; o IIE-Br Expectativa recuou 0,4 ponto, contribuindo com -0,1 ponto para a queda, sendo o \u00fanico componente com esse comportamento no m\u00eas de novembro.<\/p>\n<hr \/>\n<p>&nbsp;Fonte: Ag\u00eancia Brasil<\/p>\n","protected":false},"excerpt":{"rendered":"<p>Dados divulgados nesta quarta-feira, 29, pelo Instituto Brasileiro de Economia da Funda\u00e7\u00e3o Getulio Vargas (Ibre\/FGV) mostram que o Indicador de Incerteza da Economia (IIE-Br) subiu 1,8 pontos entre outubro e novembro deste ano, ao passar de 111 pontos para 112,8 pontos. Na avalia\u00e7\u00e3o da FGV, a alta pode ser interpretada como um movimento de acomoda\u00e7\u00e3o [&hellip;]<\/p>\n","protected":false},"author":96,"featured_media":86378,"comment_status":"closed","ping_status":"closed","sticky":false,"template":"","format":"standard","meta":{"footnotes":""},"categories":[261],"tags":[],"class_list":["post-86379","post","type-post","status-publish","format-standard","has-post-thumbnail","hentry","category-economia"],"_links":{"self":[{"href":"https:\/\/diarioregionaldigital.com.br\/index.php?rest_route=\/wp\/v2\/posts\/86379","targetHints":{"allow":["GET"]}}],"collection":[{"href":"https:\/\/diarioregionaldigital.com.br\/index.php?rest_route=\/wp\/v2\/posts"}],"about":[{"href":"https:\/\/diarioregionaldigital.com.br\/index.php?rest_route=\/wp\/v2\/types\/post"}],"author":[{"embeddable":true,"href":"https:\/\/diarioregionaldigital.com.br\/index.php?rest_route=\/wp\/v2\/users\/96"}],"replies":[{"embeddable":true,"href":"https:\/\/diarioregionaldigital.com.br\/index.php?rest_route=%2Fwp%2Fv2%2Fcomments&post=86379"}],"version-history":[{"count":0,"href":"https:\/\/diarioregionaldigital.com.br\/index.php?rest_route=\/wp\/v2\/posts\/86379\/revisions"}],"wp:featuredmedia":[{"embeddable":true,"href":"https:\/\/diarioregionaldigital.com.br\/index.php?rest_route=\/wp\/v2\/media\/86378"}],"wp:attachment":[{"href":"https:\/\/diarioregionaldigital.com.br\/index.php?rest_route=%2Fwp%2Fv2%2Fmedia&parent=86379"}],"wp:term":[{"taxonomy":"category","embeddable":true,"href":"https:\/\/diarioregionaldigital.com.br\/index.php?rest_route=%2Fwp%2Fv2%2Fcategories&post=86379"},{"taxonomy":"post_tag","embeddable":true,"href":"https:\/\/diarioregionaldigital.com.br\/index.php?rest_route=%2Fwp%2Fv2%2Ftags&post=86379"}],"curies":[{"name":"wp","href":"https:\/\/api.w.org\/{rel}","templated":true}]}}