{"id":86377,"date":"2017-11-29T22:24:00","date_gmt":"2017-11-30T00:24:00","guid":{"rendered":"http:\/\/diarioregionaljf.com.br\/2017\/11\/29\/bndes-anuncia-r-40-milhoes-em-fundo-para-incubadoras-e-parques-tecnologicos\/"},"modified":"2017-11-29T22:24:00","modified_gmt":"2017-11-30T00:24:00","slug":"bndes-anuncia-r-40-milhoes-em-fundo-para-incubadoras-e-parques-tecnologicos","status":"publish","type":"post","link":"https:\/\/diarioregionaldigital.com.br\/?p=86377","title":{"rendered":"BNDES anuncia R$40 milh\u00f5es em fundo para incubadoras e parques tecnol\u00f3gicos"},"content":{"rendered":"<p>O BNDESPar, \u00e1rea de participa\u00e7\u00f5es acion\u00e1rias do Banco Nacional de Desenvolvimento Econ\u00f4mico e Social, vai investir at\u00e9 R$40 milh\u00f5es em fundo para empresas incubadoras e parques tecnol\u00f3gicos, de acordo com opera\u00e7\u00e3o autorizada nesta quarta-feira, 29, pela diretoria do banco . O dinheiro ser\u00e1 aplicado em cotas do Fundo de Investimento em Participa\u00e7\u00f5es Inova Empresa MPE Capital Semente \u2013 Primatec. O valor equivale a 40% do patrim\u00f4nio comprometido no fundo.<\/p>\n<p>De acordo com o BNDES, a opera\u00e7\u00e3o foi apresentada durante uma reuni\u00e3o, na sede da institui\u00e7\u00e3o, no centro do Rio, entre a diretora da \u00c1rea de Mercado de Capitais do Banco, Eliane Lustosa; o diretor executivo da Antera Gest\u00e3o de Recursos S.A. [gestora do fundo], Robert Binder; e o consultor operacional do fundo, o diretor executivo da Brain Ventures S.A., Marcelo Almeida.<\/p>\n<p>O Primatec, que foi criado a partir do programa Inova Empresa, da Financiadora de Estudos e Projetos (Finep), \u00e9 o primeiro fundo nacional destinado ao segmento de incubadoras e de parques tecnol\u00f3gicos. Os alvos s\u00e3o os setores de tecnologia da informa\u00e7\u00e3o e comunica\u00e7\u00e3o (TICs), energia, sustentabilidade e economia criativa.<\/p>\n<p>O fundo \u00e9 de capital semente [modelo de financiamento para projetos empresariais em est\u00e1gio inicial de desenvolvimento] e investe em startups que t\u00eam como origem incubadoras instaladas em parques tecnol\u00f3gicos. Os projetos s\u00e3o obrigados a apresentar novos produtos, servi\u00e7os ou processos que representem novidades ou aperfei\u00e7oamento no ambiente produtivo ou social.<\/p>\n<p>O funcionamento do fundo conta com a Rede Primatec, atualmente integrada por 16 parques tecnol\u00f3gicos e incubadoras entre os mais importantes do pa\u00eds, al\u00e9m de participa\u00e7\u00e3o do governo e do setor privado. \u201cEstruturada de forma a estabelecer um novo paradigma baseado no m\u00e9rito, em condi\u00e7\u00f5es igualit\u00e1rias e transparentes, a Rede difunde a cultura do capital empreendedor, contribuindo efetivamente para o desenvolvimento dos sistemas de inova\u00e7\u00e3o\u201d, informou o banco.<\/p>\n<p>O BNDES destacou que a cria\u00e7\u00e3o de incubadoras \u00e9 incentivada por governos de todo o mundo, entre eles Israel e China, porque significam agentes catalisadores do desenvolvimento tecnol\u00f3gico. O banco afirmou que as incubadoras tamb\u00e9m s\u00e3o vistas como agentes de mudan\u00e7a, \u201ccapazes de atuar em falhas de mercado, expandindo o desenvolvimento econ\u00f4mico atrav\u00e9s de uma base de pequenas empresas e promovendo a forma\u00e7\u00e3o de novos neg\u00f3cios\u201d.<\/p>\n<hr \/>\n<p>&nbsp;Fonte: Ag\u00eancia Brasil<\/p>\n","protected":false},"excerpt":{"rendered":"<p>O BNDESPar, \u00e1rea de participa\u00e7\u00f5es acion\u00e1rias do Banco Nacional de Desenvolvimento Econ\u00f4mico e Social, vai investir at\u00e9 R$40 milh\u00f5es em fundo para empresas incubadoras e parques tecnol\u00f3gicos, de acordo com opera\u00e7\u00e3o autorizada nesta quarta-feira, 29, pela diretoria do banco . O dinheiro ser\u00e1 aplicado em cotas do Fundo de Investimento em Participa\u00e7\u00f5es Inova Empresa MPE [&hellip;]<\/p>\n","protected":false},"author":96,"featured_media":86376,"comment_status":"closed","ping_status":"closed","sticky":false,"template":"","format":"standard","meta":{"footnotes":""},"categories":[261],"tags":[],"class_list":["post-86377","post","type-post","status-publish","format-standard","has-post-thumbnail","hentry","category-economia"],"_links":{"self":[{"href":"https:\/\/diarioregionaldigital.com.br\/index.php?rest_route=\/wp\/v2\/posts\/86377","targetHints":{"allow":["GET"]}}],"collection":[{"href":"https:\/\/diarioregionaldigital.com.br\/index.php?rest_route=\/wp\/v2\/posts"}],"about":[{"href":"https:\/\/diarioregionaldigital.com.br\/index.php?rest_route=\/wp\/v2\/types\/post"}],"author":[{"embeddable":true,"href":"https:\/\/diarioregionaldigital.com.br\/index.php?rest_route=\/wp\/v2\/users\/96"}],"replies":[{"embeddable":true,"href":"https:\/\/diarioregionaldigital.com.br\/index.php?rest_route=%2Fwp%2Fv2%2Fcomments&post=86377"}],"version-history":[{"count":0,"href":"https:\/\/diarioregionaldigital.com.br\/index.php?rest_route=\/wp\/v2\/posts\/86377\/revisions"}],"wp:featuredmedia":[{"embeddable":true,"href":"https:\/\/diarioregionaldigital.com.br\/index.php?rest_route=\/wp\/v2\/media\/86376"}],"wp:attachment":[{"href":"https:\/\/diarioregionaldigital.com.br\/index.php?rest_route=%2Fwp%2Fv2%2Fmedia&parent=86377"}],"wp:term":[{"taxonomy":"category","embeddable":true,"href":"https:\/\/diarioregionaldigital.com.br\/index.php?rest_route=%2Fwp%2Fv2%2Fcategories&post=86377"},{"taxonomy":"post_tag","embeddable":true,"href":"https:\/\/diarioregionaldigital.com.br\/index.php?rest_route=%2Fwp%2Fv2%2Ftags&post=86377"}],"curies":[{"name":"wp","href":"https:\/\/api.w.org\/{rel}","templated":true}]}}