{"id":86373,"date":"2017-11-29T22:13:49","date_gmt":"2017-11-30T00:13:49","guid":{"rendered":"http:\/\/diarioregionaljf.com.br\/2017\/11\/29\/deficit-da-previdencia-custaria-r-110-mil-para-cada-jovem-do-pais\/"},"modified":"2017-11-29T22:13:49","modified_gmt":"2017-11-30T00:13:49","slug":"deficit-da-previdencia-custaria-r-110-mil-para-cada-jovem-do-pais","status":"publish","type":"post","link":"https:\/\/diarioregionaldigital.com.br\/?p=86373","title":{"rendered":"D\u00e9ficit da Previd\u00eancia custaria R$110 mil para cada jovem do pa\u00eds"},"content":{"rendered":"<p>Cada jovem brasileiro deveria R$ 110,3 mil para a Previd\u00eancia Social e para a Previd\u00eancia dos servidores p\u00fablicos caso o d\u00e9ficit dos dois regimes fosse distribu\u00eddo para a popula\u00e7\u00e3o de at\u00e9 25 anos, informou nesta quarta-feira, 29, o Minist\u00e9rio da Fazenda. Segundo o relat\u00f3rio Aspectos Fiscais da Seguridade Social no Brasil, caso n\u00e3o seja feita nenhuma reforma no sistema de aposentadorias, os gastos com \u00e1reas importantes como sa\u00fade, educa\u00e7\u00e3o e seguran\u00e7a ter\u00e3o de ser reduzidos para cobrir o rombo crescente.<\/p>\n<p>De acordo com o documento, o d\u00e9ficit atuarial (necess\u00e1rio para quitar todos os benef\u00edcios quando os trabalhadores se aposentarem) do Regime Geral de Previd\u00eancia Social (RGPS, que atende aos empregados do setor privado e das estatais) e do Regime Pr\u00f3prio dos Servidores Civis da Uni\u00e3o (RPPS) totaliza R$9,23 trilh\u00f5es. O montante equivale a 147% do Produto Interno Bruto (PIB, soma das riquezas produzidas no pa\u00eds) e, caso fosse dividido entre os 83,7 milh\u00f5es de brasileiros de at\u00e9 25 anos, equivaleria a R$110,274 mil por pessoa.<\/p>\n<p>De acordo com o Minist\u00e9rio da Fazenda, o documento foi elaborado para rebater o argumento de algumas entidades de que n\u00e3o existe d\u00e9ficit na Previd\u00eancia e para defender a aprova\u00e7\u00e3o da proposta de reforma em tramita\u00e7\u00e3o no Congresso. Segundo a equipe econ\u00f4mica, sem mudan\u00e7as, apenas o d\u00e9ficit do RGPS, que engloba o Instituto Nacional do Seguro Social (INSS), saltar\u00e1 de 2,8% do PIB hoje para 11,3% do PIB em 2060, o que refor\u00e7aria a necessidade de aumento de tributos para cobrir as necessidades de financiamento.<\/p>\n<p>Segundo o relat\u00f3rio, na aus\u00eancia de reformas, a carga tribut\u00e1ria (quantidade de tributos que os brasileiros pagam em rela\u00e7\u00e3o ao PIB) teria de subir de 20,9% para 30% apenas no n\u00edvel federal. A alta de tributos, ressaltou a pasta, diminuiria a competitividade dos produtos brasileiros, aumentaria a informalidade e estimularia a evas\u00e3o fiscal. O governo tamb\u00e9m poderia reduzir despesas para compensar parte do rombo crescente. No entanto, o minist\u00e9rio adverte que a medida implicaria o sacrif\u00edcio de pol\u00edticas p\u00fablicas como educa\u00e7\u00e3o, seguran\u00e7a p\u00fablica e investimentos.<\/p>\n<p><strong>Seguridade Social<\/strong><\/p>\n<p>O relat\u00f3rio tamb\u00e9m rebate o argumento de que a Seguridade Social seria superavit\u00e1ria caso n\u00e3o existisse a Desvincula\u00e7\u00e3o de Receitas da Uni\u00e3o (DRU), mecanismo que permite ao governo gastar livremente at\u00e9 30% das receitas, inclusive as contribui\u00e7\u00f5es para o sistema de seguridade.<\/p>\n<p>De acordo com a Fazenda, o rombo seria em m\u00e9dia 40% menor, mas continuaria crescendo nos pr\u00f3ximos anos por causa do envelhecimento da popula\u00e7\u00e3o brasileira. A Seguridade Social engloba a Previd\u00eancia Social, a assist\u00eancia social e os gastos p\u00fablicos com sa\u00fade.<\/p>\n<p>De acordo com a Fazenda, o d\u00e9ficit da Seguridade Social encerrou 2016 em R$239,5 bilh\u00f5es, tendo crescido quase oito vezes em rela\u00e7\u00e3o a 2007, quando o resultado negativo tinha ficado em R$32,2 bilh\u00f5es.<\/p>\n<p>Segundo a equipe econ\u00f4mica, a alta decorreu da combina\u00e7\u00e3o da queda da atividade econ\u00f4mica, que reduziu a arrecada\u00e7\u00e3o federal, com um crescimento estrutural provocado pelo envelhecimento da popula\u00e7\u00e3o brasileira. Sem a DRU, as contas da Seguridade Social teriam sa\u00eddo de super\u00e1vit de R$6 bilh\u00f5es em 2007 para d\u00e9ficit de R$3 bilh\u00f5es em 2008 e rombo de R$147 bilh\u00f5es no ano passado.<\/p>\n<hr \/>\n<p>&nbsp;Fonte: Ag\u00eancia Brasil<\/p>\n","protected":false},"excerpt":{"rendered":"<p>Cada jovem brasileiro deveria R$ 110,3 mil para a Previd\u00eancia Social e para a Previd\u00eancia dos servidores p\u00fablicos caso o d\u00e9ficit dos dois regimes fosse distribu\u00eddo para a popula\u00e7\u00e3o de at\u00e9 25 anos, informou nesta quarta-feira, 29, o Minist\u00e9rio da Fazenda. Segundo o relat\u00f3rio Aspectos Fiscais da Seguridade Social no Brasil, caso n\u00e3o seja feita [&hellip;]<\/p>\n","protected":false},"author":96,"featured_media":86372,"comment_status":"closed","ping_status":"closed","sticky":false,"template":"","format":"standard","meta":{"footnotes":""},"categories":[261],"tags":[],"class_list":["post-86373","post","type-post","status-publish","format-standard","has-post-thumbnail","hentry","category-economia"],"_links":{"self":[{"href":"https:\/\/diarioregionaldigital.com.br\/index.php?rest_route=\/wp\/v2\/posts\/86373","targetHints":{"allow":["GET"]}}],"collection":[{"href":"https:\/\/diarioregionaldigital.com.br\/index.php?rest_route=\/wp\/v2\/posts"}],"about":[{"href":"https:\/\/diarioregionaldigital.com.br\/index.php?rest_route=\/wp\/v2\/types\/post"}],"author":[{"embeddable":true,"href":"https:\/\/diarioregionaldigital.com.br\/index.php?rest_route=\/wp\/v2\/users\/96"}],"replies":[{"embeddable":true,"href":"https:\/\/diarioregionaldigital.com.br\/index.php?rest_route=%2Fwp%2Fv2%2Fcomments&post=86373"}],"version-history":[{"count":0,"href":"https:\/\/diarioregionaldigital.com.br\/index.php?rest_route=\/wp\/v2\/posts\/86373\/revisions"}],"wp:featuredmedia":[{"embeddable":true,"href":"https:\/\/diarioregionaldigital.com.br\/index.php?rest_route=\/wp\/v2\/media\/86372"}],"wp:attachment":[{"href":"https:\/\/diarioregionaldigital.com.br\/index.php?rest_route=%2Fwp%2Fv2%2Fmedia&parent=86373"}],"wp:term":[{"taxonomy":"category","embeddable":true,"href":"https:\/\/diarioregionaldigital.com.br\/index.php?rest_route=%2Fwp%2Fv2%2Fcategories&post=86373"},{"taxonomy":"post_tag","embeddable":true,"href":"https:\/\/diarioregionaldigital.com.br\/index.php?rest_route=%2Fwp%2Fv2%2Ftags&post=86373"}],"curies":[{"name":"wp","href":"https:\/\/api.w.org\/{rel}","templated":true}]}}