{"id":86371,"date":"2017-11-29T22:02:18","date_gmt":"2017-11-30T00:02:18","guid":{"rendered":"http:\/\/diarioregionaljf.com.br\/2017\/11\/29\/precos-ao-produtor-fecham-outubro-com-alta-de-1-79\/"},"modified":"2017-11-29T22:02:18","modified_gmt":"2017-11-30T00:02:18","slug":"precos-ao-produtor-fecham-outubro-com-alta-de-1-79","status":"publish","type":"post","link":"https:\/\/diarioregionaldigital.com.br\/?p=86371","title":{"rendered":"Pre\u00e7os ao produtor fecham outubro com alta de 1,79%"},"content":{"rendered":"<p>A extra\u00e7\u00e3o de min\u00e9rio de ferro, pressionada pelo aumento generalizado do pre\u00e7o do a\u00e7o no mercado mundial, exerceu forte press\u00e3o sobre o custo do produto nas portas das f\u00e1bricas e fez o \u00cdndice de Pre\u00e7os ao Produtor (IPP) fechar outubro com alta de 1,79% em rela\u00e7\u00e3o a setembro. \u00c9 a maior varia\u00e7\u00e3o positiva nessa base de compara\u00e7\u00e3o desde os 2,99% de setembro de 2015.<\/p>\n<p>As informa\u00e7\u00f5es foram divulgadas nesta quarta-feira, 29, no Rio de Janeiro, pelo Instituto Brasileiro de Geografia e Estat\u00edstica (IBGE) e indicam que, com a alta de outubro, o IPP fecha os primeiros 10 meses do ano com alta acumulada de 2,27%, comparativamente aos 10 primeiros meses de 2016. Em setembro, a alta acumulada no ano era de 0,47%.<\/p>\n<p>Em outubro, os pre\u00e7os das ind\u00fastrias extrativas e de transforma\u00e7\u00e3o tiveram varia\u00e7\u00f5es positivas em 19 das 24 atividades. O \u00cdndice de Pre\u00e7os ao Produtor mede a evolu\u00e7\u00e3o dos pre\u00e7os de produtos na porta de f\u00e1brica, sem impostos e fretes, e abrange informa\u00e7\u00f5es por grandes categorias econ\u00f4micas: bens de capital, bens intermedi\u00e1rios e bens de consumo (dur\u00e1veis e semidur\u00e1veis e n\u00e3o dur\u00e1veis).<\/p>\n<p><strong>Varia\u00e7\u00f5es atingem atividades industriais<\/strong><\/p>\n<p>Segundo o IBGE, as quatro maiores varia\u00e7\u00f5es foram observadas entre atividades industriais de extrativas, com alta de 9,41%, outros produtos qu\u00edmicos (4,23%), refino de petr\u00f3leo e produtos de \u00e1lcool (3,21%) e metalurgia (2,82%). No ano, o setor de extrativa acumula alta de 10,17% e tem tamb\u00e9m a maior varia\u00e7\u00e3o em 12 meses: 34,66%.<\/p>\n<p>J\u00e1 em termos de influ\u00eancia, na compara\u00e7\u00e3o entre outubro e setembro deste ano, os destaques foram para outros produtos qu\u00edmicos, setor que respondeu por 0,39 ponto percentual na forma\u00e7\u00e3o da taxa global; refino de petr\u00f3leo e produtos de \u00e1lcool (0,35 ponto percentual); ind\u00fastrias extrativas (0,34 ponto percentual); e metalurgia (0,22 ponto percentual).<\/p>\n<p>O analista do IBGE Manoel Campos ressalta que, embora a ind\u00fastria aliment\u00edcia tenha apresentado varia\u00e7\u00e3o positiva de 0,86% na compara\u00e7\u00e3o entre outubro e setembro, o setor acumula queda de 7,45% no ano e de -7,04 em 12 meses.<\/p>\n<p>O destaque dado \u00e0 ind\u00fastria aliment\u00edcia se deu em raz\u00e3o de que \u201ctodos os anos, os resultados dos alimentos costumam ser positivos, mas esse ano o setor acumula varia\u00e7\u00e3o negativa, o que segura os pre\u00e7os dos bens de consumo semidur\u00e1veis e n\u00e3o dur\u00e1veis\u201d.<\/p>\n<p><strong>China influencia alta de pre\u00e7os<\/strong><\/p>\n<p>A influ\u00eancia da ind\u00fastria sider\u00fargica da China, a maior economia em expans\u00e3o no mundo, \u00e9 determinante para a alta dos pre\u00e7os do setor no Brasil e em outros pa\u00edses.<\/p>\n<p>Manuel Campos lembra que recentemente \u201ca China fechou ind\u00fastrias sider\u00fargicas que produziam a\u00e7o de qualidade inferior, investindo mais na produ\u00e7\u00e3o de uma liga de melhor qualidade e pre\u00e7o mais alto\u201d e que \u201cisso provocou um aumento generalizado nos pre\u00e7os do a\u00e7o no mundo e encareceu a mat\u00e9ria-prima\u201d. Ele ressalta, por\u00e9m, que esse movimento chin\u00eas \u201cbeneficiou a ind\u00fastria extrativa de min\u00e9rio de ferro no Brasil\u201d.<\/p>\n<p>Outro setor da ind\u00fastria que tamb\u00e9m teve aumentos de pre\u00e7os devido a varia\u00e7\u00f5es provocadas pelo mercado chin\u00eas foi o da metalurgia: 2,82% na passagem de setembro para outubro, acumulando 9,58% no ano e 16,1% em 12 meses.<\/p>\n<hr \/>\n<p>&nbsp;Fonte: Ag\u00eancia Brasil<\/p>\n","protected":false},"excerpt":{"rendered":"<p>A extra\u00e7\u00e3o de min\u00e9rio de ferro, pressionada pelo aumento generalizado do pre\u00e7o do a\u00e7o no mercado mundial, exerceu forte press\u00e3o sobre o custo do produto nas portas das f\u00e1bricas e fez o \u00cdndice de Pre\u00e7os ao Produtor (IPP) fechar outubro com alta de 1,79% em rela\u00e7\u00e3o a setembro. \u00c9 a maior varia\u00e7\u00e3o positiva nessa base [&hellip;]<\/p>\n","protected":false},"author":96,"featured_media":86370,"comment_status":"closed","ping_status":"closed","sticky":false,"template":"","format":"standard","meta":{"footnotes":""},"categories":[261],"tags":[],"class_list":["post-86371","post","type-post","status-publish","format-standard","has-post-thumbnail","hentry","category-economia"],"_links":{"self":[{"href":"https:\/\/diarioregionaldigital.com.br\/index.php?rest_route=\/wp\/v2\/posts\/86371","targetHints":{"allow":["GET"]}}],"collection":[{"href":"https:\/\/diarioregionaldigital.com.br\/index.php?rest_route=\/wp\/v2\/posts"}],"about":[{"href":"https:\/\/diarioregionaldigital.com.br\/index.php?rest_route=\/wp\/v2\/types\/post"}],"author":[{"embeddable":true,"href":"https:\/\/diarioregionaldigital.com.br\/index.php?rest_route=\/wp\/v2\/users\/96"}],"replies":[{"embeddable":true,"href":"https:\/\/diarioregionaldigital.com.br\/index.php?rest_route=%2Fwp%2Fv2%2Fcomments&post=86371"}],"version-history":[{"count":0,"href":"https:\/\/diarioregionaldigital.com.br\/index.php?rest_route=\/wp\/v2\/posts\/86371\/revisions"}],"wp:featuredmedia":[{"embeddable":true,"href":"https:\/\/diarioregionaldigital.com.br\/index.php?rest_route=\/wp\/v2\/media\/86370"}],"wp:attachment":[{"href":"https:\/\/diarioregionaldigital.com.br\/index.php?rest_route=%2Fwp%2Fv2%2Fmedia&parent=86371"}],"wp:term":[{"taxonomy":"category","embeddable":true,"href":"https:\/\/diarioregionaldigital.com.br\/index.php?rest_route=%2Fwp%2Fv2%2Fcategories&post=86371"},{"taxonomy":"post_tag","embeddable":true,"href":"https:\/\/diarioregionaldigital.com.br\/index.php?rest_route=%2Fwp%2Fv2%2Ftags&post=86371"}],"curies":[{"name":"wp","href":"https:\/\/api.w.org\/{rel}","templated":true}]}}