{"id":86365,"date":"2017-11-29T21:53:03","date_gmt":"2017-11-29T23:53:03","guid":{"rendered":"http:\/\/diarioregionaljf.com.br\/2017\/11\/29\/secretaria-de-esporte-e-lazer-elabora-plano-de-acao-para-evento-de-domingo-no-estadio-municipal\/"},"modified":"2017-11-29T21:53:03","modified_gmt":"2017-11-29T23:53:03","slug":"secretaria-de-esporte-e-lazer-elabora-plano-de-acao-para-evento-de-domingo-no-estadio-municipal","status":"publish","type":"post","link":"https:\/\/diarioregionaldigital.com.br\/?p=86365","title":{"rendered":"Secretaria de Esporte e Lazer elabora plano de a\u00e7\u00e3o para evento de domingo no Est\u00e1dio Municipal"},"content":{"rendered":"<p>Nesta ter\u00e7a-feira, 28, representantes da Secretaria de Esporte e Lazer (SEL) da Prefeitura de Juiz de Fora (PJF) realizaram reuni\u00e3o para defini\u00e7\u00e3o do plano de a\u00e7\u00e3o para o evento que acontecer\u00e1 no domingo, 3 de dezembro, no Est\u00e1dio Municipal \u201cRadialista Mario Hel\u00eanio\u201d, com a inaugura\u00e7\u00e3o do placar eletr\u00f4nico, as finais da Copa Prefeitura Bahamas e a tradicional chegada do Papai Noel. A reuni\u00e3o, que geralmente acontece devido a jogos profissionais no Est\u00e1dio Municipal, foi realizada devido a expectativa de p\u00fablico, que, segundo os organizadores, poder\u00e1 ultrapassar cinco mil pessoas, o que requer maior mobiliza\u00e7\u00e3o por parte dos \u00f3rg\u00e3os p\u00fablicos na cidade.<\/p>\n<p>Estiveram presentes representantes de v\u00e1rios setores da PJF, como das secretarias de Transporte e Tr\u00e2nsito, Atividades Urbanas e Comunica\u00e7\u00e3o Social, al\u00e9m da Guarda Municipal, Pol\u00edcia Militar e Liga de Futebol de Juiz de Fora.<\/p>\n<p>No encontro foram tomadas decis\u00f5es com rela\u00e7\u00e3o ao evento, como, por exemplo, a proibi\u00e7\u00e3o de entrada de vendedores ambulantes sem credenciamento pr\u00e9vio e de pessoas com equipamentos explosivos.<\/p>\n<p>A Settra disponibilizar\u00e1 \u00f4nibus para o transporte dos torcedores, com a passagem no valor normal de R$ 3,10. O ve\u00edculo sair\u00e1 do tradicional ponto em frente a Ag\u00eancia de Prote\u00e7\u00e3o e Defesa do Consumidor (Procon), na&nbsp; Avenida Itamar Franco, 992, \u00e0s 7h15. A \u00faltima viagem deixar\u00e1 o Est\u00e1dio, no sentido Centro, 40 minutos ap\u00f3s o jogo da categoria adulta da Copa Prefeitura Bahamas.<\/p>\n<p>&nbsp;<\/p>\n","protected":false},"excerpt":{"rendered":"<p>Nesta ter\u00e7a-feira, 28, representantes da Secretaria de Esporte e Lazer (SEL) da Prefeitura de Juiz de Fora (PJF) realizaram reuni\u00e3o para defini\u00e7\u00e3o do plano de a\u00e7\u00e3o para o evento que acontecer\u00e1 no domingo, 3 de dezembro, no Est\u00e1dio Municipal \u201cRadialista Mario Hel\u00eanio\u201d, com a inaugura\u00e7\u00e3o do placar eletr\u00f4nico, as finais da Copa Prefeitura Bahamas e [&hellip;]<\/p>\n","protected":false},"author":96,"featured_media":86364,"comment_status":"closed","ping_status":"closed","sticky":false,"template":"","format":"standard","meta":{"footnotes":""},"categories":[257],"tags":[],"class_list":["post-86365","post","type-post","status-publish","format-standard","has-post-thumbnail","hentry","category-esporte"],"_links":{"self":[{"href":"https:\/\/diarioregionaldigital.com.br\/index.php?rest_route=\/wp\/v2\/posts\/86365","targetHints":{"allow":["GET"]}}],"collection":[{"href":"https:\/\/diarioregionaldigital.com.br\/index.php?rest_route=\/wp\/v2\/posts"}],"about":[{"href":"https:\/\/diarioregionaldigital.com.br\/index.php?rest_route=\/wp\/v2\/types\/post"}],"author":[{"embeddable":true,"href":"https:\/\/diarioregionaldigital.com.br\/index.php?rest_route=\/wp\/v2\/users\/96"}],"replies":[{"embeddable":true,"href":"https:\/\/diarioregionaldigital.com.br\/index.php?rest_route=%2Fwp%2Fv2%2Fcomments&post=86365"}],"version-history":[{"count":0,"href":"https:\/\/diarioregionaldigital.com.br\/index.php?rest_route=\/wp\/v2\/posts\/86365\/revisions"}],"wp:featuredmedia":[{"embeddable":true,"href":"https:\/\/diarioregionaldigital.com.br\/index.php?rest_route=\/wp\/v2\/media\/86364"}],"wp:attachment":[{"href":"https:\/\/diarioregionaldigital.com.br\/index.php?rest_route=%2Fwp%2Fv2%2Fmedia&parent=86365"}],"wp:term":[{"taxonomy":"category","embeddable":true,"href":"https:\/\/diarioregionaldigital.com.br\/index.php?rest_route=%2Fwp%2Fv2%2Fcategories&post=86365"},{"taxonomy":"post_tag","embeddable":true,"href":"https:\/\/diarioregionaldigital.com.br\/index.php?rest_route=%2Fwp%2Fv2%2Ftags&post=86365"}],"curies":[{"name":"wp","href":"https:\/\/api.w.org\/{rel}","templated":true}]}}