{"id":86363,"date":"2017-11-29T21:50:07","date_gmt":"2017-11-29T23:50:07","guid":{"rendered":"http:\/\/diarioregionaljf.com.br\/2017\/11\/29\/sircom-organiza-acao-para-arrecadar-brinquedos-para-o-natal-de-criancas-carentes\/"},"modified":"2017-11-29T21:50:07","modified_gmt":"2017-11-29T23:50:07","slug":"sircom-organiza-acao-para-arrecadar-brinquedos-para-o-natal-de-criancas-carentes","status":"publish","type":"post","link":"https:\/\/diarioregionaldigital.com.br\/?p=86363","title":{"rendered":"SIRCOM organiza a\u00e7\u00e3o para arrecadar brinquedos para o Natal de crian\u00e7as carentes"},"content":{"rendered":"<p>Vem chegando o Natal e todo o esp\u00edrito natalino toma conta dos cora\u00e7\u00f5es solid\u00e1rios e prestativos! Pensando nisso, o Sistema Regional de Comunica\u00e7\u00e3o (SIRCOM), que integra o Jornal Di\u00e1rio Regional, a TVE e a R\u00e1dio Premium organizou uma campanha solid\u00e1ria para arrecada\u00e7\u00e3o de brinquedos.<\/p>\n<p>A a\u00e7\u00e3o, com o slogan \u201cFa\u00e7a uma crian\u00e7a ainda mais feliz\u201d, visa promover a solidariedade com a doa\u00e7\u00e3o simples de qualquer brinquedo, promover a cultura de responsabilidade social da sociedade e, sobretudo, fazer a alegria das crian\u00e7as em risco e vulnerabilidade social. As doa\u00e7\u00f5es v\u00e3o ser encaminhadas \u00e0 organiza\u00e7\u00f5es sociais da cidade que zelam pelo bem estar de crian\u00e7as e adolescentes, e promover\u00e3o atividades voltadas para a entrega de brinquedos.<\/p>\n<p>\u00c9 importante lembrar que qualquer brinquedo ser\u00e1 bem vindo, independente do porte ou valor financeiro. O mais importante \u00e9 o gesto de solidariedade, que far\u00e1 as crian\u00e7as sorrirem apesar das adversidades sociais. Os interessados em contribuir com a campanha podem comparecer \u00e0 Rua Oscar Vidal, n\u00ba416, Centro, de 8h \u00e0s 18h.<\/p>\n<p>A arrecada\u00e7\u00e3o das doa\u00e7\u00f5es segue at\u00e9 o dia 18 de dezembro. Mais informa\u00e7\u00f5es pelo telefone (32) 2102-9500.<\/p>\n","protected":false},"excerpt":{"rendered":"<p>Vem chegando o Natal e todo o esp\u00edrito natalino toma conta dos cora\u00e7\u00f5es solid\u00e1rios e prestativos! Pensando nisso, o Sistema Regional de Comunica\u00e7\u00e3o (SIRCOM), que integra o Jornal Di\u00e1rio Regional, a TVE e a R\u00e1dio Premium organizou uma campanha solid\u00e1ria para arrecada\u00e7\u00e3o de brinquedos. A a\u00e7\u00e3o, com o slogan \u201cFa\u00e7a uma crian\u00e7a ainda mais feliz\u201d, [&hellip;]<\/p>\n","protected":false},"author":96,"featured_media":86362,"comment_status":"closed","ping_status":"closed","sticky":false,"template":"","format":"standard","meta":{"footnotes":""},"categories":[253],"tags":[],"class_list":["post-86363","post","type-post","status-publish","format-standard","has-post-thumbnail","hentry","category-cidade"],"_links":{"self":[{"href":"https:\/\/diarioregionaldigital.com.br\/index.php?rest_route=\/wp\/v2\/posts\/86363","targetHints":{"allow":["GET"]}}],"collection":[{"href":"https:\/\/diarioregionaldigital.com.br\/index.php?rest_route=\/wp\/v2\/posts"}],"about":[{"href":"https:\/\/diarioregionaldigital.com.br\/index.php?rest_route=\/wp\/v2\/types\/post"}],"author":[{"embeddable":true,"href":"https:\/\/diarioregionaldigital.com.br\/index.php?rest_route=\/wp\/v2\/users\/96"}],"replies":[{"embeddable":true,"href":"https:\/\/diarioregionaldigital.com.br\/index.php?rest_route=%2Fwp%2Fv2%2Fcomments&post=86363"}],"version-history":[{"count":0,"href":"https:\/\/diarioregionaldigital.com.br\/index.php?rest_route=\/wp\/v2\/posts\/86363\/revisions"}],"wp:featuredmedia":[{"embeddable":true,"href":"https:\/\/diarioregionaldigital.com.br\/index.php?rest_route=\/wp\/v2\/media\/86362"}],"wp:attachment":[{"href":"https:\/\/diarioregionaldigital.com.br\/index.php?rest_route=%2Fwp%2Fv2%2Fmedia&parent=86363"}],"wp:term":[{"taxonomy":"category","embeddable":true,"href":"https:\/\/diarioregionaldigital.com.br\/index.php?rest_route=%2Fwp%2Fv2%2Fcategories&post=86363"},{"taxonomy":"post_tag","embeddable":true,"href":"https:\/\/diarioregionaldigital.com.br\/index.php?rest_route=%2Fwp%2Fv2%2Ftags&post=86363"}],"curies":[{"name":"wp","href":"https:\/\/api.w.org\/{rel}","templated":true}]}}