{"id":86361,"date":"2017-11-29T21:02:47","date_gmt":"2017-11-29T23:02:47","guid":{"rendered":"http:\/\/diarioregionaljf.com.br\/2017\/11\/29\/mesas-de-natal-ii\/"},"modified":"2017-11-29T21:02:47","modified_gmt":"2017-11-29T23:02:47","slug":"mesas-de-natal-ii","status":"publish","type":"post","link":"https:\/\/diarioregionaldigital.com.br\/?p=86361","title":{"rendered":"Mesas de Natal II"},"content":{"rendered":"<p style=\"text-align: center;\"><span class=\"h4\">Em Juiz de Fora<\/span><br \/>Em ritmo suave, nos dias 2 e 3 de dezembro, Dudu Borges avisa que na cidade vai ter a primeira edi\u00e7\u00e3o do Experimental Summer Blues Festival. Em cena, a participa\u00e7\u00e3o de dez bandas, sendo tr\u00eas do Rio. O agito come\u00e7a \u00e0s 15h, com \u2018open bar\u2019 de chopp e vodka, al\u00e9m de \u2018food truck\u2019s\u2019; bike de doces; \u2018flash tatoon\u2019; e o Beer Truck Heineken.<\/p>\n<p style=\"text-align: center;\"><span class=\"h4\">Gest\u00e3o<\/span><br \/>Sempre se destacando no cen\u00e1rio da sa\u00fade a Unimed\/JF recebeu, em Bras\u00edlia, o Pr\u00eamio Nacional de Excel\u00eancia em Gest\u00e3o, concedido pelo Servi\u00e7o Nacional de Aprendizagem do Cooperativismo (Sescoop), que re\u00fane as 6.655 cooperativas do Brasil, em todos os ramos de atua\u00e7\u00e3o. O diretor Glauco Ara\u00fajo recebeu o pr\u00eamio.<\/p>\n<p style=\"text-align: center;\"><span class=\"h4\">Biografia<\/span><br \/>O jornalista Carlos Minuano reuniu algumas hist\u00f3rias para lan\u00e7ar a biografia \u201cTons de Cl\u00f4\u201d, sobre o pol\u00eamico Clodovil, estilista e pol\u00edtico que foi o primeiro deputado federal assumidamente Gay do Brasil e o quarto mais votado do pa\u00eds em 2006. Lan\u00e7ado pela editora Best Seller, o livro conta muitas passagens engra\u00e7adas e o mau humor de Cl\u00f4.<\/p>\n<p style=\"text-align: center;\"><span class=\"h4\">Aten\u00e7\u00e3o<\/span><br \/>Sem atraso, o filme \u201cAmerican Crime Story\u201d, sobre o assassinato do estilista Gianni Versace, chegar\u00e1 ao Brasil pelo FX em 18 de janeiro, um dia depois de estrear nos Estados Unidos.<\/p>\n<p style=\"text-align: center;\"><span class=\"h4\">Gente Nossa<\/span><br \/>Uma tarde de moda movimentou a Casa de Cultura da UFJF, com a din\u00e2mica coordenadora do Novo Grupo da Amizade, Regina Tostes, recebendo a estilista Marina Castro. Houve desfile das senhoras que fazem parte do MGA, apresentando as tend\u00eancias para o ver\u00e3o 2018.<\/p>\n<p style=\"text-align: center;\"><span class=\"h3\">Mesas de Natal II<\/span><br \/>Presen\u00e7as chiques, pol\u00edticos, artistas, empres\u00e1rios e gente de sociedade de Juiz de Fora de A a Z, foram prestigiar o evento \u201cMesas de Natal\u201d, em prol da Ascomcer. Uma noite de reencontro de novos e velhos amigos, onde a t\u00f4nica foi a solidariedade humana. As fotos mostram quem foi, viu e aconteceu.<\/p>\n<p style=\"text-align: center;\"><img decoding=\"async\" class=\" size-full wp-image-86349\" src=\"http:\/\/diarioregionaljf.com.br\/wp-content\/uploads\/2017\/11\/diario-int-21711-1.jpg\" alt=\"FOTOA.jpg\" width=\"680\" style=\"display: block; margin-left: auto; margin-right: auto;\" srcset=\"https:\/\/diarioregionaldigital.com.br\/wp-content\/uploads\/2017\/11\/diario-int-21711-1.jpg 680w, https:\/\/diarioregionaldigital.com.br\/wp-content\/uploads\/2017\/11\/diario-int-21711-1-300x175.jpg 300w, https:\/\/diarioregionaldigital.com.br\/wp-content\/uploads\/2017\/11\/diario-int-21711-1-250x145.jpg 250w, https:\/\/diarioregionaldigital.com.br\/wp-content\/uploads\/2017\/11\/diario-int-21711-1-360x210.jpg 360w\" sizes=\"(max-width: 680px) 100vw, 680px\" \/>M\u00e1rcia Figueiredo Mendes, Myrliane Le\u00e3o, Gra\u00e7a Loures, Eduardo Gomes, Elaine Cruz, S\u00f4nia Parma e Paulo Andrade<\/p>\n<p style=\"text-align: center;\"><img decoding=\"async\" class=\" size-full wp-image-86350\" src=\"http:\/\/diarioregionaljf.com.br\/wp-content\/uploads\/2017\/11\/diario-int-21711-2.JPG\" alt=\"FOTOB.JPG\" width=\"680\" style=\"display: block; margin-left: auto; margin-right: auto;\" srcset=\"https:\/\/diarioregionaldigital.com.br\/wp-content\/uploads\/2017\/11\/diario-int-21711-2.JPG 680w, https:\/\/diarioregionaldigital.com.br\/wp-content\/uploads\/2017\/11\/diario-int-21711-2-300x199.jpg 300w, https:\/\/diarioregionaldigital.com.br\/wp-content\/uploads\/2017\/11\/diario-int-21711-2-360x238.jpg 360w\" sizes=\"(max-width: 680px) 100vw, 680px\" \/>Jos\u00e9 Roberto, delegada Sheila Oliveira, Sandra Cordeiro, Meire Milhomens e Charles Evangelista<\/p>\n<p style=\"text-align: center;\"><img decoding=\"async\" class=\" size-full wp-image-86351\" src=\"http:\/\/diarioregionaljf.com.br\/wp-content\/uploads\/2017\/11\/diario-int-21711-3.JPG\" alt=\"FOTOC.JPG\" width=\"680\" style=\"display: block; margin-left: auto; margin-right: auto;\" srcset=\"https:\/\/diarioregionaldigital.com.br\/wp-content\/uploads\/2017\/11\/diario-int-21711-3.JPG 680w, https:\/\/diarioregionaldigital.com.br\/wp-content\/uploads\/2017\/11\/diario-int-21711-3-300x187.jpg 300w, https:\/\/diarioregionaldigital.com.br\/wp-content\/uploads\/2017\/11\/diario-int-21711-3-360x224.jpg 360w\" sizes=\"(max-width: 680px) 100vw, 680px\" \/>Jos\u00e9 S\u00f3ter de Figueir\u00f4a, Beth Juc\u00e1 Jacometi, Eloisa Almas e Ant\u00f4nio Almas<\/p>\n<p style=\"text-align: center;\"><img decoding=\"async\" class=\" size-full wp-image-86352\" src=\"http:\/\/diarioregionaljf.com.br\/wp-content\/uploads\/2017\/11\/diario-int-21711-4.JPG\" alt=\"FOTOD.JPG\" width=\"680\" style=\"display: block; margin-left: auto; margin-right: auto;\" srcset=\"https:\/\/diarioregionaldigital.com.br\/wp-content\/uploads\/2017\/11\/diario-int-21711-4.JPG 680w, https:\/\/diarioregionaldigital.com.br\/wp-content\/uploads\/2017\/11\/diario-int-21711-4-300x199.jpg 300w, https:\/\/diarioregionaldigital.com.br\/wp-content\/uploads\/2017\/11\/diario-int-21711-4-360x238.jpg 360w\" sizes=\"(max-width: 680px) 100vw, 680px\" \/>Concei\u00e7\u00e3o Dornelas, Heloisa Pipa, Elaine Cruz e Daisy Zo\u00e9<\/p>\n<p style=\"text-align: center;\"><img decoding=\"async\" class=\" size-full wp-image-86353\" src=\"http:\/\/diarioregionaljf.com.br\/wp-content\/uploads\/2017\/11\/diario-int-21711-5.JPG\" alt=\"FOTOE.JPG\" width=\"680\" style=\"display: block; margin-left: auto; margin-right: auto;\" srcset=\"https:\/\/diarioregionaldigital.com.br\/wp-content\/uploads\/2017\/11\/diario-int-21711-5.JPG 680w, https:\/\/diarioregionaldigital.com.br\/wp-content\/uploads\/2017\/11\/diario-int-21711-5-300x183.jpg 300w, https:\/\/diarioregionaldigital.com.br\/wp-content\/uploads\/2017\/11\/diario-int-21711-5-360x219.jpg 360w\" sizes=\"(max-width: 680px) 100vw, 680px\" \/>Wanda Magnolo, Juliane Miana, Ronaldo Miana e Ivete Gomes<\/p>\n<p style=\"text-align: center;\"><img decoding=\"async\" class=\" size-full wp-image-86354\" src=\"http:\/\/diarioregionaljf.com.br\/wp-content\/uploads\/2017\/11\/diario-int-21711-6.JPG\" alt=\"FOTOF.JPG\" width=\"680\" style=\"display: block; margin-left: auto; margin-right: auto;\" srcset=\"https:\/\/diarioregionaldigital.com.br\/wp-content\/uploads\/2017\/11\/diario-int-21711-6.JPG 680w, https:\/\/diarioregionaldigital.com.br\/wp-content\/uploads\/2017\/11\/diario-int-21711-6-300x199.jpg 300w, https:\/\/diarioregionaldigital.com.br\/wp-content\/uploads\/2017\/11\/diario-int-21711-6-360x238.jpg 360w\" sizes=\"(max-width: 680px) 100vw, 680px\" \/>Pedro Ara\u00fajo<\/p>\n<p style=\"text-align: center;\"><img decoding=\"async\" class=\" size-full wp-image-86355\" src=\"http:\/\/diarioregionaljf.com.br\/wp-content\/uploads\/2017\/11\/diario-int-21711-7.JPG\" alt=\"FOTOG.JPG\" width=\"680\" style=\"display: block; margin-left: auto; margin-right: auto;\" srcset=\"https:\/\/diarioregionaldigital.com.br\/wp-content\/uploads\/2017\/11\/diario-int-21711-7.JPG 680w, https:\/\/diarioregionaldigital.com.br\/wp-content\/uploads\/2017\/11\/diario-int-21711-7-300x199.jpg 300w, https:\/\/diarioregionaldigital.com.br\/wp-content\/uploads\/2017\/11\/diario-int-21711-7-360x238.jpg 360w\" sizes=\"(max-width: 680px) 100vw, 680px\" \/>Mary Tabet Gon\u00e7alves, Patr\u00edcia Alvim e M\u00e1rcia Coelho<\/p>\n<p style=\"text-align: center;\"><img decoding=\"async\" class=\" size-full wp-image-86356\" src=\"http:\/\/diarioregionaljf.com.br\/wp-content\/uploads\/2017\/11\/diario-int-21711-8.JPG\" alt=\"FOTOH.JPG\" width=\"680\" style=\"display: block; margin-left: auto; margin-right: auto;\" srcset=\"https:\/\/diarioregionaldigital.com.br\/wp-content\/uploads\/2017\/11\/diario-int-21711-8.JPG 680w, https:\/\/diarioregionaldigital.com.br\/wp-content\/uploads\/2017\/11\/diario-int-21711-8-300x199.jpg 300w, https:\/\/diarioregionaldigital.com.br\/wp-content\/uploads\/2017\/11\/diario-int-21711-8-360x238.jpg 360w\" sizes=\"(max-width: 680px) 100vw, 680px\" \/>Paulo Gutierrez, Cristina Ferrugini e S\u00f4nia Gutierrez<\/p>\n<p style=\"text-align: center;\"><img decoding=\"async\" class=\" size-full wp-image-86357\" src=\"http:\/\/diarioregionaljf.com.br\/wp-content\/uploads\/2017\/11\/diario-int-21711-9.JPG\" alt=\"FOTOI.JPG\" width=\"680\" style=\"display: block; margin-left: auto; margin-right: auto;\" srcset=\"https:\/\/diarioregionaldigital.com.br\/wp-content\/uploads\/2017\/11\/diario-int-21711-9.JPG 680w, https:\/\/diarioregionaldigital.com.br\/wp-content\/uploads\/2017\/11\/diario-int-21711-9-300x199.jpg 300w, https:\/\/diarioregionaldigital.com.br\/wp-content\/uploads\/2017\/11\/diario-int-21711-9-360x238.jpg 360w\" sizes=\"(max-width: 680px) 100vw, 680px\" \/>Jane Pancotti, Adelaide Rodrigues, C\u00e9lia Junqueira e Elvira Ces\u00e1rio<\/p>\n<p style=\"text-align: center;\"><img decoding=\"async\" class=\" size-full wp-image-86358\" src=\"http:\/\/diarioregionaljf.com.br\/wp-content\/uploads\/2017\/11\/diario-int-21711-10.JPG\" alt=\"FOTOJ.JPG\" width=\"680\" style=\"display: block; margin-left: auto; margin-right: auto;\" srcset=\"https:\/\/diarioregionaldigital.com.br\/wp-content\/uploads\/2017\/11\/diario-int-21711-10.JPG 680w, https:\/\/diarioregionaldigital.com.br\/wp-content\/uploads\/2017\/11\/diario-int-21711-10-300x199.jpg 300w, https:\/\/diarioregionaldigital.com.br\/wp-content\/uploads\/2017\/11\/diario-int-21711-10-360x238.jpg 360w\" sizes=\"(max-width: 680px) 100vw, 680px\" \/>Vereador Marlon Siqueira com Gisele e Vin\u00edcius Siqueira<\/p>\n<p style=\"text-align: center;\"><img decoding=\"async\" class=\" size-full wp-image-86359\" src=\"http:\/\/diarioregionaljf.com.br\/wp-content\/uploads\/2017\/11\/diario-int-21711-11.JPG\" alt=\"FOTOL.JPG\" width=\"680\" style=\"display: block; margin-left: auto; margin-right: auto;\" srcset=\"https:\/\/diarioregionaldigital.com.br\/wp-content\/uploads\/2017\/11\/diario-int-21711-11.JPG 680w, https:\/\/diarioregionaldigital.com.br\/wp-content\/uploads\/2017\/11\/diario-int-21711-11-300x197.jpg 300w, https:\/\/diarioregionaldigital.com.br\/wp-content\/uploads\/2017\/11\/diario-int-21711-11-360x236.jpg 360w\" sizes=\"(max-width: 680px) 100vw, 680px\" \/>Nawall Arbex, Iris Rachid, Iracema Guedes e V\u00e2nia Picininni Silva<\/p>\n<p style=\"text-align: center;\"><img decoding=\"async\" class=\" size-full wp-image-86360\" src=\"http:\/\/diarioregionaljf.com.br\/wp-content\/uploads\/2017\/11\/diario-int-21711-12.JPG\" alt=\"FOTOM.JPG\" width=\"680\" style=\"display: block; margin-left: auto; margin-right: auto;\" srcset=\"https:\/\/diarioregionaldigital.com.br\/wp-content\/uploads\/2017\/11\/diario-int-21711-12.JPG 680w, https:\/\/diarioregionaldigital.com.br\/wp-content\/uploads\/2017\/11\/diario-int-21711-12-300x199.jpg 300w, https:\/\/diarioregionaldigital.com.br\/wp-content\/uploads\/2017\/11\/diario-int-21711-12-360x238.jpg 360w\" sizes=\"(max-width: 680px) 100vw, 680px\" \/>Geisa Borges, Vera Lucia Borges e&nbsp; Arly Queiros Salles<\/p>\n<p class=\"h4\" style=\"text-align: center;\">FOTOSS\u00cdNTESE<\/p>\n<p>Nesta 6\u00aa feira, 1\u00ba de dezembro, acontece no Olympo, a Festa do Engenheiro, com o presidente Jo\u00e3o Carlos Saggioro Navarro recebendo a classe e convidados. O \u201cEngenheiro do Ano\u201d \u00e9 o not\u00e1vel Alexandre Fleischhauer.<\/p>\n<p>Nesta 5\u00aa feira, 30, no Espa\u00e7o Excalibur, tem sarau com o cantor Thiago Miranda e o Grupo Leia com Marisa Timponi, Avani F\u00e1tima e Arthur Laizo.<\/p>\n<p>O Tribunal de Justi\u00e7a de Rond\u00f4nia vai prestar homenagem ao desembargador C\u00e1ssio Sbarzi Guedes, dando seu nome ao F\u00f3rum de Ouro Preto do Oeste. Ele atuou l\u00e1 como juiz naquele estado. Faleceu ap\u00f3s se aposentar.<\/p>\n<p>A elegante Lucinha Silva comemora os 3 anos da loja Veneno, no Mister Shopping, 2\u00aa piso, na 5\u00aa feira, 30, de 13 \u00e0s 20h.<\/p>\n<p>O ator Vin\u00edcius Cristov\u00e3o brilha intensamente na pe\u00e7a \u201cCasa dos Espelhos\u201d, do dramaturgo Hussan Fadel, em cartaz no Andar Debaixo. A apresenta\u00e7\u00e3o ser\u00e1 no dia 5 de dezembro, \u00e0s 20h30.<\/p>\n<p>Na agenda do dia 5 de dezembro, o lan\u00e7amento do livro que conta a hist\u00f3ria da Faculdade de Medicina da UFJF. A autoria \u00e9 do professor Jos\u00e9 Carlos de Castro Barbosa e ser\u00e1 na sociedade de Medicina e Cirurgia de Juiz de Fora. O resultado da obra \u00e9 uma parceria da Pr\u00f3-Reitoria de Cultura e o MAMM.<\/p>\n<p>A Banda ETC (ex Etcoetera), lan\u00e7a no dia 09 de dezembro, no Salvaterra, o CD \u201cSintonia\u201d, com dire\u00e7\u00e3o de Rodrigo Vidal, do Studio Casa do Mato.<\/p>\n<p>Termina nesta 6\u00aa feira, 1\u00ba de dezembro, a coletiva Mercado de Arte Lampejo, com trabalhos em pintura de v\u00e1rios artistas, na Hiato-Ambiente de Arte, na rua Coronel Barros, n\u00ba 38, em S\u00e3o Mateus.<\/p>\n<p>O Museu de Arte Murilo Mendes exp\u00f5e coletiva de gravuras com o tema Modernidade Europeia.<\/p>\n<p>Para embalar a turma que gosta de dan\u00e7ar, o grupo Yahoo faz show dia 2 de dezembro, \u00e0s 22h, no MHall. <br \/>O Sesc\/JF, na Av. Rio Branco, 3080, exibe no dia 8 de dezembro, o filme \u201cThe Cut\u201d (Alemanha-2015), \u00e0s 19h30. Entrada Franca.<\/p>\n<p>No dia 7 de dezembro, a m\u00e9dica Denise Drumond lan\u00e7a o livro \u201cConhecendo Maria\u201d, que sai pelo selo da Editora Appris.<\/p>\n<p>Com o projeto audiovisual com o tema \u201cBatuque (em) cantos de luta\u201d, o estudante Guilherme Landim foi o vencedor do 23\u00ba Semin\u00e1rio de Inicia\u00e7\u00e3o Cient\u00edfica da UFJF.<\/p>\n<p>Veru Campos, Patr\u00edcia Alvim, Marcia Mendes, Ros\u00e1lia Martelli, V\u00e2nia de Landa, Daniele Camacho Siqueira, Francis Noguchi, Mar\u00edlia Melo, \u00c2ngela Turolla, Janete Santos, Arly Queir\u00f3s Salles, Florinha Carmo, Gra\u00e7a Loures, M\u00f4nica Gomide Guimar\u00e3es, Val\u00e9ria Salles, Franciane Zacarias Paschoalino, delegada Sheyla Oliveira, Sandra Cordeiro, Eliana Lamha, eram presen\u00e7as elegantes no Mesas de Natal em prol da Ascomcer, no Marcellu\u2019s Aero.<\/p>\n<p>Para anotar: A maldade \u00e9 um tipo de correspond\u00eancia que sempre acaba voltando para o remetente. Bom dia.<\/p>\n","protected":false},"excerpt":{"rendered":"<p>Em Juiz de ForaEm ritmo suave, nos dias 2 e 3 de dezembro, Dudu Borges avisa que na cidade vai ter a primeira edi\u00e7\u00e3o do Experimental Summer Blues Festival. Em cena, a participa\u00e7\u00e3o de dez bandas, sendo tr\u00eas do Rio. O agito come\u00e7a \u00e0s 15h, com \u2018open bar\u2019 de chopp e vodka, al\u00e9m de \u2018food [&hellip;]<\/p>\n","protected":false},"author":96,"featured_media":86348,"comment_status":"closed","ping_status":"closed","sticky":false,"template":"","format":"standard","meta":{"footnotes":""},"categories":[264],"tags":[],"class_list":["post-86361","post","type-post","status-publish","format-standard","has-post-thumbnail","hentry","category-eduardo-gomes"],"_links":{"self":[{"href":"https:\/\/diarioregionaldigital.com.br\/index.php?rest_route=\/wp\/v2\/posts\/86361","targetHints":{"allow":["GET"]}}],"collection":[{"href":"https:\/\/diarioregionaldigital.com.br\/index.php?rest_route=\/wp\/v2\/posts"}],"about":[{"href":"https:\/\/diarioregionaldigital.com.br\/index.php?rest_route=\/wp\/v2\/types\/post"}],"author":[{"embeddable":true,"href":"https:\/\/diarioregionaldigital.com.br\/index.php?rest_route=\/wp\/v2\/users\/96"}],"replies":[{"embeddable":true,"href":"https:\/\/diarioregionaldigital.com.br\/index.php?rest_route=%2Fwp%2Fv2%2Fcomments&post=86361"}],"version-history":[{"count":0,"href":"https:\/\/diarioregionaldigital.com.br\/index.php?rest_route=\/wp\/v2\/posts\/86361\/revisions"}],"wp:featuredmedia":[{"embeddable":true,"href":"https:\/\/diarioregionaldigital.com.br\/index.php?rest_route=\/wp\/v2\/media\/86348"}],"wp:attachment":[{"href":"https:\/\/diarioregionaldigital.com.br\/index.php?rest_route=%2Fwp%2Fv2%2Fmedia&parent=86361"}],"wp:term":[{"taxonomy":"category","embeddable":true,"href":"https:\/\/diarioregionaldigital.com.br\/index.php?rest_route=%2Fwp%2Fv2%2Fcategories&post=86361"},{"taxonomy":"post_tag","embeddable":true,"href":"https:\/\/diarioregionaldigital.com.br\/index.php?rest_route=%2Fwp%2Fv2%2Ftags&post=86361"}],"curies":[{"name":"wp","href":"https:\/\/api.w.org\/{rel}","templated":true}]}}