{"id":86343,"date":"2017-11-29T20:03:35","date_gmt":"2017-11-29T22:03:35","guid":{"rendered":"http:\/\/diarioregionaljf.com.br\/2017\/11\/29\/pm-prende-suspeito-de-cometer-serie-de-roubos-na-zona-norte-nessa-terca-feira\/"},"modified":"2017-11-29T20:03:35","modified_gmt":"2017-11-29T22:03:35","slug":"pm-prende-suspeito-de-cometer-serie-de-roubos-na-zona-norte-nessa-terca-feira","status":"publish","type":"post","link":"https:\/\/diarioregionaldigital.com.br\/?p=86343","title":{"rendered":"PM prende suspeito de cometer s\u00e9rie de roubos na zona Norte"},"content":{"rendered":"<p>Na madrugada desta quarta-feira, 29, uma guarni\u00e7\u00e3o da Pol\u00edcia Militar (PM) foi acionada no Bairro Mariano Proc\u00f3pio, regi\u00e3o Central, por uma v\u00edtima de roubo tentado. Em rastreamento pelo autor do fato, os policiais o localizaram no bairro Democrata, mas este, ao visualizar as viaturas policiais, evadiu em uma motocicleta. Durante a persegui\u00e7\u00e3o, o suspeito se acidentou e continuou a fuga a p\u00e9, invadindo v\u00e1rias resid\u00eancias no bairro, at\u00e9 ser localizado embaixo de um autom\u00f3vel, de posse de um simulacro de arma de fogo, que vinha sendo utilizado nos assaltos.<\/p>\n<p>O preso, de 31 anos, foi reconhecido pela v\u00edtima como autor do roubo tentado e tamb\u00e9m foi reconhecido como autor de crime por duas v\u00edtimas de roubo consumado no bairro Industrial, regi\u00e3o Norte, fato que ocorreu aproximadamente meia hora antes da pris\u00e3o. Foi constatado, ainda, que a motocicleta utilizada nos crimes havia sido furtada no dia 10 de outubro. Ressalta-se que, no local da fuga, tamb\u00e9m foi localizada uma mochila com dois celulares, sendo que um deles pertencia \u00e0 uma das v\u00edtimas do roubo ocorrido no bairro Industrial.<\/p>\n<p>A Pol\u00edcia Militar conseguiu ainda relacionar o mesmo cidad\u00e3o a outros dois crimes ocorridos nessa ter\u00e7a-feira, 28, sendo um roubo a m\u00e3o armada a uma padaria e, em seguida, um roubo a dois pedestres no bairro Joquei Clube, tendo as v\u00edtimas reconhecido, por meio de fotografia, o referido indiv\u00edduo como autor dos crimes. Na ocasi\u00e3o, foi localizada em sua resid\u00eancia outra motocicleta, tamb\u00e9m furtada, estacionada no local.<\/p>\n<p>Os levantamentos da Pol\u00edcia Militar, com cruzamento de informa\u00e7\u00f5es e dados, apontam ainda que o infrator \u00e9 suspeito de ter cometido aproximadamente oito crimes de roubo nos meses de outubro e novembro na zona Norte de Juiz de Fora, totalizando dez crimes de roubo em apenas dois meses. Al\u00e9m disso, h\u00e1 suspeita de ter atuado em outras regi\u00f5es da cidade, o que pode aumentar a cifra de crimes cometidos pelo reincidente.<\/p>\n<p>O homem encontrava-se em liberdade condicional desde dezembro de 2015, j\u00e1 possuindo hist\u00f3rico de pris\u00f5es por diversos crimes, dentre eles tr\u00e1fico de drogas, roubo, amea\u00e7a e agress\u00e3o.<\/p>\n<p>Ao final, o autor foi preso em flagrante pelos crimes de dois roubos consumados, roubo tentado e recepta\u00e7\u00e3o, sendo a sua pris\u00e3o ratificada. De acordo com o Tenente Vin\u00edcius Ara\u00fajo, Comandante da 269\u00aa Cia da PM, \u00e1rea onde o assaltante atuava, todas as informa\u00e7\u00f5es levantadas pela Pol\u00edcia Militar ser\u00e3o encaminhadas ao Minist\u00e9rio P\u00fablico, via of\u00edcio, para subsidiar o processo criminal.<\/p>\n<p>Da reda\u00e7\u00e3o\/Assessoria<\/p>\n","protected":false},"excerpt":{"rendered":"<p>Na madrugada desta quarta-feira, 29, uma guarni\u00e7\u00e3o da Pol\u00edcia Militar (PM) foi acionada no Bairro Mariano Proc\u00f3pio, regi\u00e3o Central, por uma v\u00edtima de roubo tentado. Em rastreamento pelo autor do fato, os policiais o localizaram no bairro Democrata, mas este, ao visualizar as viaturas policiais, evadiu em uma motocicleta. Durante a persegui\u00e7\u00e3o, o suspeito se [&hellip;]<\/p>\n","protected":false},"author":96,"featured_media":86342,"comment_status":"closed","ping_status":"closed","sticky":false,"template":"","format":"standard","meta":{"footnotes":""},"categories":[301],"tags":[],"class_list":["post-86343","post","type-post","status-publish","format-standard","has-post-thumbnail","hentry","category-artigos-policiais"],"_links":{"self":[{"href":"https:\/\/diarioregionaldigital.com.br\/index.php?rest_route=\/wp\/v2\/posts\/86343","targetHints":{"allow":["GET"]}}],"collection":[{"href":"https:\/\/diarioregionaldigital.com.br\/index.php?rest_route=\/wp\/v2\/posts"}],"about":[{"href":"https:\/\/diarioregionaldigital.com.br\/index.php?rest_route=\/wp\/v2\/types\/post"}],"author":[{"embeddable":true,"href":"https:\/\/diarioregionaldigital.com.br\/index.php?rest_route=\/wp\/v2\/users\/96"}],"replies":[{"embeddable":true,"href":"https:\/\/diarioregionaldigital.com.br\/index.php?rest_route=%2Fwp%2Fv2%2Fcomments&post=86343"}],"version-history":[{"count":0,"href":"https:\/\/diarioregionaldigital.com.br\/index.php?rest_route=\/wp\/v2\/posts\/86343\/revisions"}],"wp:featuredmedia":[{"embeddable":true,"href":"https:\/\/diarioregionaldigital.com.br\/index.php?rest_route=\/wp\/v2\/media\/86342"}],"wp:attachment":[{"href":"https:\/\/diarioregionaldigital.com.br\/index.php?rest_route=%2Fwp%2Fv2%2Fmedia&parent=86343"}],"wp:term":[{"taxonomy":"category","embeddable":true,"href":"https:\/\/diarioregionaldigital.com.br\/index.php?rest_route=%2Fwp%2Fv2%2Fcategories&post=86343"},{"taxonomy":"post_tag","embeddable":true,"href":"https:\/\/diarioregionaldigital.com.br\/index.php?rest_route=%2Fwp%2Fv2%2Ftags&post=86343"}],"curies":[{"name":"wp","href":"https:\/\/api.w.org\/{rel}","templated":true}]}}