{"id":86339,"date":"2017-11-29T19:15:42","date_gmt":"2017-11-29T21:15:42","guid":{"rendered":"http:\/\/diarioregionaljf.com.br\/2017\/11\/29\/homens-sao-presos-e-arma-e-apreendida-apos-briga-em-bar-no-teixeiras\/"},"modified":"2017-11-29T19:15:42","modified_gmt":"2017-11-29T21:15:42","slug":"homens-sao-presos-e-arma-e-apreendida-apos-briga-em-bar-no-teixeiras","status":"publish","type":"post","link":"https:\/\/diarioregionaldigital.com.br\/?p=86339","title":{"rendered":"Homens s\u00e3o presos e arma \u00e9 apreendida ap\u00f3s briga em bar no Teixeiras"},"content":{"rendered":"<p>Dois homens, de 52 e 56 anos, foram detidos ap\u00f3s se envolverem numa briga em um bar na Rua Professora Elmaia Vaz, bairro Teixeiras, zona Sul, na manh\u00e3 dessa ter\u00e7a-feira, 28. Um rev\u00f3lver calibre.22, que estava com um dos autores, foi apreendido.<\/p>\n<p>De acordo com informa\u00e7\u00f5es da Pol\u00edcia Militar (PM), equipes compareceram ao local ap\u00f3s recebimento de den\u00fancia an\u00f4nima de que os suspeitos estariam brigando e de que um deles estaria armado. Chegando ao estabelecimento, os policiais se depararam com os autores j\u00e1 lesionados e ainda discutindo.<\/p>\n<p>O autor de 52 anos entregou uma garrucha aos militares, alegando que a arma pertencia ao outro homem, de quem a teria tomado ap\u00f3s luta corporal. Ele afirmou, ainda, ter sido amea\u00e7ado de morte pelo outro envolvido, a quem teria vendido um recipiente met\u00e1lico alegando que o mesmo continha um entorpecente, por\u00e9m se tratava de um p\u00f3 in\u00f3cuo.<\/p>\n<p>Ao tentar us\u00e1-lo, o comprador descobriu ter sido enganado, o que o fez voltar ao bar e amea\u00e7ar o outro autor de morte, exigindo de volta o valor pago pela suposta droga.<\/p>\n<p>Ainda segundo informa\u00e7\u00f5es da PM, o homem de 56 anos confirmou a vers\u00e3o contada, mas negou ser dono da arma. O suspeito tamb\u00e9m alegou ser dependente qu\u00edmico e confirmou ter trocado agress\u00f5es com o outro autor. Diante dos fatos, ele foi preso em flagrante por les\u00e3o corporal, amea\u00e7a e porte ilegal de arma de fogo, sendo conduzido ao Hospital de Pronto-Socorro (HPS) com escoria\u00e7\u00f5es pelo corpo, um corte na palma da m\u00e3o direita e um corte na boca. Ap\u00f3s ser medicado e liberado, foi conduzido a delegacia. A arma, que se encontrava sem muni\u00e7\u00e3o, foi apreendida. Uma motocicleta, que teria sido usada por ele para se deslocar at\u00e9 o local do fato, foi apreendida e removida por um auto-socorro.<\/p>\n<p>O outro homem foi detido em flagrante por les\u00e3o corporal e, apesar de se encontrar com escoria\u00e7\u00f5es leves nos dois joelhos, se negou a ser medicado.<\/p>\n","protected":false},"excerpt":{"rendered":"<p>Dois homens, de 52 e 56 anos, foram detidos ap\u00f3s se envolverem numa briga em um bar na Rua Professora Elmaia Vaz, bairro Teixeiras, zona Sul, na manh\u00e3 dessa ter\u00e7a-feira, 28. Um rev\u00f3lver calibre.22, que estava com um dos autores, foi apreendido. De acordo com informa\u00e7\u00f5es da Pol\u00edcia Militar (PM), equipes compareceram ao local ap\u00f3s [&hellip;]<\/p>\n","protected":false},"author":96,"featured_media":86338,"comment_status":"closed","ping_status":"closed","sticky":false,"template":"","format":"standard","meta":{"footnotes":""},"categories":[301],"tags":[],"class_list":["post-86339","post","type-post","status-publish","format-standard","has-post-thumbnail","hentry","category-artigos-policiais"],"_links":{"self":[{"href":"https:\/\/diarioregionaldigital.com.br\/index.php?rest_route=\/wp\/v2\/posts\/86339","targetHints":{"allow":["GET"]}}],"collection":[{"href":"https:\/\/diarioregionaldigital.com.br\/index.php?rest_route=\/wp\/v2\/posts"}],"about":[{"href":"https:\/\/diarioregionaldigital.com.br\/index.php?rest_route=\/wp\/v2\/types\/post"}],"author":[{"embeddable":true,"href":"https:\/\/diarioregionaldigital.com.br\/index.php?rest_route=\/wp\/v2\/users\/96"}],"replies":[{"embeddable":true,"href":"https:\/\/diarioregionaldigital.com.br\/index.php?rest_route=%2Fwp%2Fv2%2Fcomments&post=86339"}],"version-history":[{"count":0,"href":"https:\/\/diarioregionaldigital.com.br\/index.php?rest_route=\/wp\/v2\/posts\/86339\/revisions"}],"wp:featuredmedia":[{"embeddable":true,"href":"https:\/\/diarioregionaldigital.com.br\/index.php?rest_route=\/wp\/v2\/media\/86338"}],"wp:attachment":[{"href":"https:\/\/diarioregionaldigital.com.br\/index.php?rest_route=%2Fwp%2Fv2%2Fmedia&parent=86339"}],"wp:term":[{"taxonomy":"category","embeddable":true,"href":"https:\/\/diarioregionaldigital.com.br\/index.php?rest_route=%2Fwp%2Fv2%2Fcategories&post=86339"},{"taxonomy":"post_tag","embeddable":true,"href":"https:\/\/diarioregionaldigital.com.br\/index.php?rest_route=%2Fwp%2Fv2%2Ftags&post=86339"}],"curies":[{"name":"wp","href":"https:\/\/api.w.org\/{rel}","templated":true}]}}