{"id":86337,"date":"2017-11-29T18:43:36","date_gmt":"2017-11-29T20:43:36","guid":{"rendered":"http:\/\/diarioregionaljf.com.br\/2017\/11\/29\/comissao-aprova-tipificacao-do-crime-de-porte-de-arma-branca\/"},"modified":"2017-11-29T18:43:36","modified_gmt":"2017-11-29T20:43:36","slug":"comissao-aprova-tipificacao-do-crime-de-porte-de-arma-branca","status":"publish","type":"post","link":"https:\/\/diarioregionaldigital.com.br\/?p=86337","title":{"rendered":"Comiss\u00e3o aprova tipifica\u00e7\u00e3o do crime de porte de arma branca"},"content":{"rendered":"<p>A Comiss\u00e3o de Constitui\u00e7\u00e3o, Justi\u00e7a e Cidadania (CCJ)&nbsp; do Senado aprovou em decis\u00e3o final, nessa quarta-feira, 29, projeto de lei (PLS 320\/2015) do senador Raimundo Lira (PMDB-PB) que torna crime o porte de arma branca (faca, canivete, estilete).<\/p>\n<p>O relator, senador Valdir Raupp (PMDB-RO), lembrou que a utiliza\u00e7\u00e3o crescente de armas brancas para o cometimento de crimes revela a necessidade de endurecimento do tratamento penal dado \u00e0 quest\u00e3o. O delito \u00e9 enquadrado, atualmente, na Lei de Contraven\u00e7\u00f5es Penais (Decreto-Lei 3.688\/1941).<\/p>\n<p>&#8220;Entendemos que a conduta de porte de arma, ainda que branca, apresenta grave potencial lesivo incompat\u00edvel com a criminaliza\u00e7\u00e3o por meio de mera contraven\u00e7\u00e3o penal&#8221;, argumentou Raupp no parecer.<\/p>\n<p>O PLS 320\/2015 estabelece como puni\u00e7\u00e3o pelo porte de arma branca deten\u00e7\u00e3o de um a tr\u00eas anos e multa. Paralelamente, explicita que n\u00e3o constitui crime portar artefato perfurante, cortante ou contundente para uso em of\u00edcio, arte ou atividade para o qual foi fabricado.<\/p>\n<p>Por ter conte\u00fado semelhante, o PLS 320\/2015 tramitava em conjunto com o PLS 311\/2015, do senador Romero Juc\u00e1 (PMDB-RR). Raupp reconheceu a similaridade entre ambos, mas optou por rejeitar o de Juc\u00e1 ao avaliar como \u201csutilmente superior\u201d a reda\u00e7\u00e3o do PLS 320\/2015.<\/p>\n<p>Se n\u00e3o houver recurso para vota\u00e7\u00e3o pelo Plen\u00e1rio do Senado, o PLS 320\/2015 ser\u00e1 enviado \u00e0 C\u00e2mara dos Deputados.<\/p>\n<p>Fonte: Ag\u00eancia Senado<\/p>\n","protected":false},"excerpt":{"rendered":"<p>A Comiss\u00e3o de Constitui\u00e7\u00e3o, Justi\u00e7a e Cidadania (CCJ)&nbsp; do Senado aprovou em decis\u00e3o final, nessa quarta-feira, 29, projeto de lei (PLS 320\/2015) do senador Raimundo Lira (PMDB-PB) que torna crime o porte de arma branca (faca, canivete, estilete). O relator, senador Valdir Raupp (PMDB-RO), lembrou que a utiliza\u00e7\u00e3o crescente de armas brancas para o cometimento [&hellip;]<\/p>\n","protected":false},"author":96,"featured_media":86336,"comment_status":"closed","ping_status":"closed","sticky":false,"template":"","format":"standard","meta":{"footnotes":""},"categories":[254],"tags":[],"class_list":["post-86337","post","type-post","status-publish","format-standard","has-post-thumbnail","hentry","category-politica"],"_links":{"self":[{"href":"https:\/\/diarioregionaldigital.com.br\/index.php?rest_route=\/wp\/v2\/posts\/86337","targetHints":{"allow":["GET"]}}],"collection":[{"href":"https:\/\/diarioregionaldigital.com.br\/index.php?rest_route=\/wp\/v2\/posts"}],"about":[{"href":"https:\/\/diarioregionaldigital.com.br\/index.php?rest_route=\/wp\/v2\/types\/post"}],"author":[{"embeddable":true,"href":"https:\/\/diarioregionaldigital.com.br\/index.php?rest_route=\/wp\/v2\/users\/96"}],"replies":[{"embeddable":true,"href":"https:\/\/diarioregionaldigital.com.br\/index.php?rest_route=%2Fwp%2Fv2%2Fcomments&post=86337"}],"version-history":[{"count":0,"href":"https:\/\/diarioregionaldigital.com.br\/index.php?rest_route=\/wp\/v2\/posts\/86337\/revisions"}],"wp:featuredmedia":[{"embeddable":true,"href":"https:\/\/diarioregionaldigital.com.br\/index.php?rest_route=\/wp\/v2\/media\/86336"}],"wp:attachment":[{"href":"https:\/\/diarioregionaldigital.com.br\/index.php?rest_route=%2Fwp%2Fv2%2Fmedia&parent=86337"}],"wp:term":[{"taxonomy":"category","embeddable":true,"href":"https:\/\/diarioregionaldigital.com.br\/index.php?rest_route=%2Fwp%2Fv2%2Fcategories&post=86337"},{"taxonomy":"post_tag","embeddable":true,"href":"https:\/\/diarioregionaldigital.com.br\/index.php?rest_route=%2Fwp%2Fv2%2Ftags&post=86337"}],"curies":[{"name":"wp","href":"https:\/\/api.w.org\/{rel}","templated":true}]}}