{"id":86333,"date":"2017-11-29T18:28:58","date_gmt":"2017-11-29T20:28:58","guid":{"rendered":"http:\/\/diarioregionaljf.com.br\/2017\/11\/29\/sancionada-lei-para-incentivo-a-prevencao-do-cancer-em-mulheres\/"},"modified":"2017-11-29T18:28:58","modified_gmt":"2017-11-29T20:28:58","slug":"sancionada-lei-para-incentivo-a-prevencao-do-cancer-em-mulheres","status":"publish","type":"post","link":"https:\/\/diarioregionaldigital.com.br\/?p=86333","title":{"rendered":"Sancionada lei para incentivo \u00e0 preven\u00e7\u00e3o do c\u00e2ncer em mulheres"},"content":{"rendered":"<p>Equipes de profissionais das redes de prote\u00e7\u00e3o social e aten\u00e7\u00e3o b\u00e1sica \u00e0 sa\u00fade passar\u00e3o a buscar mulheres que enfrentam dificuldades para fazer exames preventivos e de rastreamento de c\u00e2ncer de \u00fatero e de mama para que possam realiz\u00e1-los. \u00c9 o que assegura a Lei 13.522\/17, sancionada e publicada nessa ter\u00e7a-feira, 28, no Di\u00e1rio Oficial da Uni\u00e3o.<\/p>\n<p>A lei \u00e9 decorrente do Projeto de Lei 2565\/15, da deputada Josi Nunes (PMDB-TO), e j\u00e1 est\u00e1 em vigor. O objetivo \u00e9 auxiliar mulheres que n\u00e3o puderam se consultar ou fazer os exames preventivos por enfrentar dificuldades sociais, geogr\u00e1ficas ou culturais.<\/p>\n<p>O texto torna obrigat\u00f3rio o desenvolvimento de estrat\u00e9gias espec\u00edficas de busca ativa de mulheres que enfrentam dificuldades de acesso aos procedimentos. A estrat\u00e9gia espec\u00edfica para as a\u00e7\u00f5es deve ser definida em regulamento posterior.<\/p>\n<p>A norma acrescenta a obrigatoriedade dessa busca ativa por mulheres na Lei 11.664\/08, sobre tratamento de c\u00e2ncer de \u00fatero e de mama no Sistema \u00danico de Sa\u00fade (SUS).<\/p>\n<p>Essa lei j\u00e1 obriga o SUS a disponibilizar assist\u00eancia integral \u00e0 sa\u00fade da mulher, incluindo informa\u00e7\u00e3o sobre c\u00e2ncer, exame citopatol\u00f3gico de \u00fatero, mamogr\u00e1fico e complementares, al\u00e9m de encaminhamento das pacientes a servi\u00e7os de maior complexidade quando necess\u00e1rio.<\/p>\n<p>De acordo com o Instituto Nacional de C\u00e2ncer (Inca), o carcinoma do colo uterino acomete mais de 16 mil mulheres por ano no Brasil \u2013 e um ter\u00e7o dos casos evolui para \u00f3bito. J\u00e1 o c\u00e2ncer de mama atingiu mais de 50 mil mulheres no Pa\u00eds em 2016.<\/p>\n<p>Fonte: Ag\u00eancia C\u00e2mara Not\u00edcias<\/p>\n","protected":false},"excerpt":{"rendered":"<p>Equipes de profissionais das redes de prote\u00e7\u00e3o social e aten\u00e7\u00e3o b\u00e1sica \u00e0 sa\u00fade passar\u00e3o a buscar mulheres que enfrentam dificuldades para fazer exames preventivos e de rastreamento de c\u00e2ncer de \u00fatero e de mama para que possam realiz\u00e1-los. \u00c9 o que assegura a Lei 13.522\/17, sancionada e publicada nessa ter\u00e7a-feira, 28, no Di\u00e1rio Oficial da [&hellip;]<\/p>\n","protected":false},"author":96,"featured_media":86332,"comment_status":"closed","ping_status":"closed","sticky":false,"template":"","format":"standard","meta":{"footnotes":""},"categories":[254],"tags":[],"class_list":["post-86333","post","type-post","status-publish","format-standard","has-post-thumbnail","hentry","category-politica"],"_links":{"self":[{"href":"https:\/\/diarioregionaldigital.com.br\/index.php?rest_route=\/wp\/v2\/posts\/86333","targetHints":{"allow":["GET"]}}],"collection":[{"href":"https:\/\/diarioregionaldigital.com.br\/index.php?rest_route=\/wp\/v2\/posts"}],"about":[{"href":"https:\/\/diarioregionaldigital.com.br\/index.php?rest_route=\/wp\/v2\/types\/post"}],"author":[{"embeddable":true,"href":"https:\/\/diarioregionaldigital.com.br\/index.php?rest_route=\/wp\/v2\/users\/96"}],"replies":[{"embeddable":true,"href":"https:\/\/diarioregionaldigital.com.br\/index.php?rest_route=%2Fwp%2Fv2%2Fcomments&post=86333"}],"version-history":[{"count":0,"href":"https:\/\/diarioregionaldigital.com.br\/index.php?rest_route=\/wp\/v2\/posts\/86333\/revisions"}],"wp:featuredmedia":[{"embeddable":true,"href":"https:\/\/diarioregionaldigital.com.br\/index.php?rest_route=\/wp\/v2\/media\/86332"}],"wp:attachment":[{"href":"https:\/\/diarioregionaldigital.com.br\/index.php?rest_route=%2Fwp%2Fv2%2Fmedia&parent=86333"}],"wp:term":[{"taxonomy":"category","embeddable":true,"href":"https:\/\/diarioregionaldigital.com.br\/index.php?rest_route=%2Fwp%2Fv2%2Fcategories&post=86333"},{"taxonomy":"post_tag","embeddable":true,"href":"https:\/\/diarioregionaldigital.com.br\/index.php?rest_route=%2Fwp%2Fv2%2Ftags&post=86333"}],"curies":[{"name":"wp","href":"https:\/\/api.w.org\/{rel}","templated":true}]}}