{"id":86331,"date":"2017-11-29T18:21:10","date_gmt":"2017-11-29T20:21:10","guid":{"rendered":"http:\/\/diarioregionaljf.com.br\/2017\/11\/29\/pjf-abre-inscricoes-para-contratacao-temporaria-de-medicos\/"},"modified":"2017-11-29T18:21:10","modified_gmt":"2017-11-29T20:21:10","slug":"pjf-abre-inscricoes-para-contratacao-temporaria-de-medicos","status":"publish","type":"post","link":"https:\/\/diarioregionaldigital.com.br\/?p=86331","title":{"rendered":"PJF abre inscri\u00e7\u00f5es para contrata\u00e7\u00e3o tempor\u00e1ria de m\u00e9dicos"},"content":{"rendered":"<p>A Prefeitura de Juiz de Fora (PJF), atrav\u00e9s da Secretaria de Administra\u00e7\u00e3o e Recursos Humanos (SARH), abriu inscri\u00e7\u00f5es ao processo seletivo para contrata\u00e7\u00e3o tempor\u00e1ria de m\u00e9dico I, com atua\u00e7\u00e3o cl\u00ednica nas \u00e1reas de cirurgia geral, nefrologia e urologia (<a href=\"https:\/\/www.pjf.mg.gov.br\/secretarias\/sarh\/edital\/temporario\/343\/index.php\" target=\"_blank\" rel=\"noopener noreferrer\">Edital n\u00ba 343-SARH<\/a>), e em urg\u00eancia e emerg\u00eancia, na \u00e1rea de cirurgia geral (<a href=\"https:\/\/www.pjf.mg.gov.br\/secretarias\/sarh\/edital\/temporario\/344\/index.php\" target=\"_blank\" rel=\"noopener noreferrer\">Edital n\u00ba 344-SARH<\/a>). Os interessados devem realizar suas inscri\u00e7\u00f5es exclusivamente pela internet, atrav\u00e9s do <a href=\"https:\/\/www.pjf.mg.gov.br\/\" target=\"_blank\" rel=\"noopener noreferrer\">site oficial da PJF<\/a>, at\u00e9 as 23h59 de 6 de dezembro. Para participar \u00e9 necess\u00e1rio curso superior completo em medicina e registro no conselho regional. A jornada semanal e a remunera\u00e7\u00e3o mensal podem variar conforme lota\u00e7\u00e3o e forma de presta\u00e7\u00e3o de trabalho.<\/p>\n<p>Os t\u00edtulos para valida\u00e7\u00e3o das informa\u00e7\u00f5es prestadas na inscri\u00e7\u00e3o dever\u00e3o ser entregues em 7 ou 8 de dezembro, na SARH, Av. Brasil, n\u00ba2.001, 8\u00ba andar, das 8h30 \u00e0s 11h30 ou das 14h30 \u00e0s 17h30. A documenta\u00e7\u00e3o, junto com a c\u00f3pia da carteira de identidade, dever\u00e1 ser entregue pessoalmente ou por terceiros, em envelope lacrado e devidamente identificado, com nome completo do candidato, cargo e n\u00famero de inscri\u00e7\u00e3o. Junto ao envelope dever\u00e1 estar o comprovante de inscri\u00e7\u00e3o, que servir\u00e1 de recibo para o candidato.<\/p>\n<p>Fonte: Assessoria<\/p>\n","protected":false},"excerpt":{"rendered":"<p>A Prefeitura de Juiz de Fora (PJF), atrav\u00e9s da Secretaria de Administra\u00e7\u00e3o e Recursos Humanos (SARH), abriu inscri\u00e7\u00f5es ao processo seletivo para contrata\u00e7\u00e3o tempor\u00e1ria de m\u00e9dico I, com atua\u00e7\u00e3o cl\u00ednica nas \u00e1reas de cirurgia geral, nefrologia e urologia (Edital n\u00ba 343-SARH), e em urg\u00eancia e emerg\u00eancia, na \u00e1rea de cirurgia geral (Edital n\u00ba 344-SARH). Os [&hellip;]<\/p>\n","protected":false},"author":96,"featured_media":86330,"comment_status":"closed","ping_status":"closed","sticky":false,"template":"","format":"standard","meta":{"footnotes":""},"categories":[253],"tags":[],"class_list":["post-86331","post","type-post","status-publish","format-standard","has-post-thumbnail","hentry","category-cidade"],"_links":{"self":[{"href":"https:\/\/diarioregionaldigital.com.br\/index.php?rest_route=\/wp\/v2\/posts\/86331","targetHints":{"allow":["GET"]}}],"collection":[{"href":"https:\/\/diarioregionaldigital.com.br\/index.php?rest_route=\/wp\/v2\/posts"}],"about":[{"href":"https:\/\/diarioregionaldigital.com.br\/index.php?rest_route=\/wp\/v2\/types\/post"}],"author":[{"embeddable":true,"href":"https:\/\/diarioregionaldigital.com.br\/index.php?rest_route=\/wp\/v2\/users\/96"}],"replies":[{"embeddable":true,"href":"https:\/\/diarioregionaldigital.com.br\/index.php?rest_route=%2Fwp%2Fv2%2Fcomments&post=86331"}],"version-history":[{"count":0,"href":"https:\/\/diarioregionaldigital.com.br\/index.php?rest_route=\/wp\/v2\/posts\/86331\/revisions"}],"wp:featuredmedia":[{"embeddable":true,"href":"https:\/\/diarioregionaldigital.com.br\/index.php?rest_route=\/wp\/v2\/media\/86330"}],"wp:attachment":[{"href":"https:\/\/diarioregionaldigital.com.br\/index.php?rest_route=%2Fwp%2Fv2%2Fmedia&parent=86331"}],"wp:term":[{"taxonomy":"category","embeddable":true,"href":"https:\/\/diarioregionaldigital.com.br\/index.php?rest_route=%2Fwp%2Fv2%2Fcategories&post=86331"},{"taxonomy":"post_tag","embeddable":true,"href":"https:\/\/diarioregionaldigital.com.br\/index.php?rest_route=%2Fwp%2Fv2%2Ftags&post=86331"}],"curies":[{"name":"wp","href":"https:\/\/api.w.org\/{rel}","templated":true}]}}