{"id":86329,"date":"2017-11-29T18:19:03","date_gmt":"2017-11-29T20:19:03","guid":{"rendered":"http:\/\/diarioregionaljf.com.br\/2017\/11\/29\/nao-ha-mais-espaco-para-concessoes-na-reforma-da-previdencia-afirma-ministro\/"},"modified":"2017-11-29T18:19:03","modified_gmt":"2017-11-29T20:19:03","slug":"nao-ha-mais-espaco-para-concessoes-na-reforma-da-previdencia-afirma-ministro","status":"publish","type":"post","link":"https:\/\/diarioregionaldigital.com.br\/?p=86329","title":{"rendered":"N\u00e3o h\u00e1 mais espa\u00e7o para concess\u00f5es na reforma da Previd\u00eancia, afirma ministro"},"content":{"rendered":"<p>O ministro-chefe da Casa Civil, Eliseu Padilha, disse nessa quarta-feira, 29, que n\u00e3o h\u00e1 mais espa\u00e7o para concess\u00f5es no texto da reforma da Previd\u00eancia al\u00e9m das que j\u00e1 foram feitas em rela\u00e7\u00e3o \u00e0 proposta original enviado pelo governo ao Congresso.<\/p>\n<p>\u201cJ\u00e1 fizemos concess\u00f5es muito grandes que representam cerca de 40% daquilo que era a proposta original. Para preservar a reforma, para que ela tenha o efeito necess\u00e1rio, entendemos que deveria ter guardado a corporifica\u00e7\u00e3o inicial. N\u00e3o foi poss\u00edvel. Chegamos no que \u00e9 poss\u00edvel. Agora, novas concess\u00f5es, al\u00e9m das que j\u00e1 foram feitas, o governo n\u00e3o v\u00ea como possibilidade de fazer nesse momento\u201d, afirmou a jornalistas, no Pal\u00e1cio do Planalto.<\/p>\n<p>\u201cAs concess\u00f5es do governo chegaram no limite. Chegamos no osso. J\u00e1 n\u00e3o temos mais condi\u00e7\u00f5es de fazer concess\u00f5es. N\u00e3o haver\u00e1 concord\u00e2ncia do governo com qualquer tipo de nova concess\u00e3o.\u201d<\/p>\n<p>O ministro disse esperar que a reforma seja votada na C\u00e2mara ainda este ano. Segundo ele, a reforma \u00e9 \u201cindispens\u00e1vel\u201d. \u201cSe n\u00e3o houver reforma da Previd\u00eancia, no ano de 2024 todo o Or\u00e7amento da Rep\u00fablica s\u00f3 paga folha de pagamento, previd\u00eancia, sa\u00fade e educa\u00e7\u00e3o\u201d, afirmou.<\/p>\n<p>Com o novo texto da reforma da Previd\u00eancia, definido na semana passada, pelo Pal\u00e1cio do Planalto e pelo deputado Arthur Maia (PPS-BA), relator da Proposta de Emenda \u00e0 Constitui\u00e7\u00e3o (PEC), o governo estima que deve deixar de economizar cerca de R$320 bilh\u00f5es no per\u00edodo de dez anos, ou cerca de 40% da economia estimada na compara\u00e7\u00e3o com a proposta inicial enviada no ano passado ao Congresso.<\/p>\n<p>Fonte: Ag\u00eancia Brasil<\/p>\n","protected":false},"excerpt":{"rendered":"<p>O ministro-chefe da Casa Civil, Eliseu Padilha, disse nessa quarta-feira, 29, que n\u00e3o h\u00e1 mais espa\u00e7o para concess\u00f5es no texto da reforma da Previd\u00eancia al\u00e9m das que j\u00e1 foram feitas em rela\u00e7\u00e3o \u00e0 proposta original enviado pelo governo ao Congresso. \u201cJ\u00e1 fizemos concess\u00f5es muito grandes que representam cerca de 40% daquilo que era a proposta [&hellip;]<\/p>\n","protected":false},"author":96,"featured_media":86328,"comment_status":"closed","ping_status":"closed","sticky":false,"template":"","format":"standard","meta":{"footnotes":""},"categories":[254],"tags":[],"class_list":["post-86329","post","type-post","status-publish","format-standard","has-post-thumbnail","hentry","category-politica"],"_links":{"self":[{"href":"https:\/\/diarioregionaldigital.com.br\/index.php?rest_route=\/wp\/v2\/posts\/86329","targetHints":{"allow":["GET"]}}],"collection":[{"href":"https:\/\/diarioregionaldigital.com.br\/index.php?rest_route=\/wp\/v2\/posts"}],"about":[{"href":"https:\/\/diarioregionaldigital.com.br\/index.php?rest_route=\/wp\/v2\/types\/post"}],"author":[{"embeddable":true,"href":"https:\/\/diarioregionaldigital.com.br\/index.php?rest_route=\/wp\/v2\/users\/96"}],"replies":[{"embeddable":true,"href":"https:\/\/diarioregionaldigital.com.br\/index.php?rest_route=%2Fwp%2Fv2%2Fcomments&post=86329"}],"version-history":[{"count":0,"href":"https:\/\/diarioregionaldigital.com.br\/index.php?rest_route=\/wp\/v2\/posts\/86329\/revisions"}],"wp:featuredmedia":[{"embeddable":true,"href":"https:\/\/diarioregionaldigital.com.br\/index.php?rest_route=\/wp\/v2\/media\/86328"}],"wp:attachment":[{"href":"https:\/\/diarioregionaldigital.com.br\/index.php?rest_route=%2Fwp%2Fv2%2Fmedia&parent=86329"}],"wp:term":[{"taxonomy":"category","embeddable":true,"href":"https:\/\/diarioregionaldigital.com.br\/index.php?rest_route=%2Fwp%2Fv2%2Fcategories&post=86329"},{"taxonomy":"post_tag","embeddable":true,"href":"https:\/\/diarioregionaldigital.com.br\/index.php?rest_route=%2Fwp%2Fv2%2Ftags&post=86329"}],"curies":[{"name":"wp","href":"https:\/\/api.w.org\/{rel}","templated":true}]}}