{"id":86327,"date":"2017-11-29T18:13:43","date_gmt":"2017-11-29T20:13:43","guid":{"rendered":"http:\/\/diarioregionaljf.com.br\/2017\/11\/29\/fiemg-regional-zm-promove-curso-sobre-esocial-em-barbacena\/"},"modified":"2017-11-29T18:13:43","modified_gmt":"2017-11-29T20:13:43","slug":"fiemg-regional-zm-promove-curso-sobre-esocial-em-barbacena","status":"publish","type":"post","link":"https:\/\/diarioregionaldigital.com.br\/?p=86327","title":{"rendered":"FIEMG Regional ZM promove curso sobre eSocial em Barbacena"},"content":{"rendered":"<p>A FIEMG Regional Zona da Mata, atrav\u00e9s de seu Centro de Treinamentos, leva para Barbacena, no dia 13 de dezembro (quarta-feira), um treinamento sobre o \u201ceSocial\u201d, das 8h30 \u00e0s 18h. O objetivo do curso, que acontece no SESI\/SENAI de Barbacena, \u00e9 apresentar e orientar os participantes a respeito do Sistema eSocial, implantado pelo governo como ferramenta de controle do cumprimento das obriga\u00e7\u00f5es trabalhistas e previdenci\u00e1rias.<\/p>\n<p>Ser\u00e3o estudados os pontos impactantes da Legisla\u00e7\u00e3o informados no eSocial, visando preparar os profissionais para a correta opera\u00e7\u00e3o da ferramenta. Ser\u00e3o ainda revisados procedimentos, para a extin\u00e7\u00e3o de eventuais erros no cumprimento das obriga\u00e7\u00f5es e apresentadas as regras legais com o intuito de redu\u00e7\u00e3o ou elimina\u00e7\u00e3o da gera\u00e7\u00e3o de passivos trabalhistas e fiscais.<\/p>\n<p>O curso tem como p\u00fablico-alvo administradores, contabilistas, gerentes, supervisores e analistas de Recursos Humanos, auditores, engenheiros e t\u00e9cnicos de Seguran\u00e7a do Trabalho, advogados, estudantes e demais profissionais interessados no tema. O instrutor ser\u00e1 o advogado, especialista nas \u00e1reas Trabalhista e Previdenci\u00e1ria, Seguran\u00e7a e Sa\u00fade do Trabalho, Rodrigo Dolabela, profissional com vasta experi\u00eancia no assunto e instrutor de palestras e treinamentos em todo o Brasil.<\/p>\n<p>Entre os principais t\u00f3picos a serem abordados est\u00e3o: vis\u00e3o geral e objetivos; regras e caracter\u00edsticas t\u00e9cnicas; obriga\u00e7\u00f5es acess\u00f3rias; eventos trabalhistas; v\u00ednculos e folha de pagamentos; fluxo de informa\u00e7\u00f5es; acidentes; aposentadorias; atestados; movimenta\u00e7\u00f5es; sal\u00e1rio-maternidade; contratos de trabalho; PPP; eSocial X prestadores de servi\u00e7os; reclama\u00e7\u00f5es trabalhistas; layout; expectativas e responsabilidades.<\/p>\n<p>Os interessados devem se inscrever atrav\u00e9s do e-mail relacoeszm@fiemg.com.br ou pelo telefone (32) 3249-1028 (Juiz de Fora). Mais informa\u00e7\u00f5es tamb\u00e9m podem ser obtidas na unidade SESI\/SENAI de Barbacena, atrav\u00e9s do telefone (32) 3332-4496. O investimento \u00e9 de R$130 para participantes de empresas associadas aos Sindicatos filiados \u00e0 FIEMG e R$160 para os demais interessados, j\u00e1 inclu\u00eddo material did\u00e1tico e cofffee break. O SESI\/SENAI Barbacena fica localizado na Pra\u00e7a Dom Bosco, N\u00ba88, bairro Bom Pastor. As vagas s\u00e3o limitadas.<\/p>\n<p>&nbsp;<\/p>\n<p>Fonte: Assessoria<\/p>\n","protected":false},"excerpt":{"rendered":"<p>A FIEMG Regional Zona da Mata, atrav\u00e9s de seu Centro de Treinamentos, leva para Barbacena, no dia 13 de dezembro (quarta-feira), um treinamento sobre o \u201ceSocial\u201d, das 8h30 \u00e0s 18h. O objetivo do curso, que acontece no SESI\/SENAI de Barbacena, \u00e9 apresentar e orientar os participantes a respeito do Sistema eSocial, implantado pelo governo como [&hellip;]<\/p>\n","protected":false},"author":96,"featured_media":86326,"comment_status":"closed","ping_status":"closed","sticky":false,"template":"","format":"standard","meta":{"footnotes":""},"categories":[252],"tags":[],"class_list":["post-86327","post","type-post","status-publish","format-standard","has-post-thumbnail","hentry","category-regiao"],"_links":{"self":[{"href":"https:\/\/diarioregionaldigital.com.br\/index.php?rest_route=\/wp\/v2\/posts\/86327","targetHints":{"allow":["GET"]}}],"collection":[{"href":"https:\/\/diarioregionaldigital.com.br\/index.php?rest_route=\/wp\/v2\/posts"}],"about":[{"href":"https:\/\/diarioregionaldigital.com.br\/index.php?rest_route=\/wp\/v2\/types\/post"}],"author":[{"embeddable":true,"href":"https:\/\/diarioregionaldigital.com.br\/index.php?rest_route=\/wp\/v2\/users\/96"}],"replies":[{"embeddable":true,"href":"https:\/\/diarioregionaldigital.com.br\/index.php?rest_route=%2Fwp%2Fv2%2Fcomments&post=86327"}],"version-history":[{"count":0,"href":"https:\/\/diarioregionaldigital.com.br\/index.php?rest_route=\/wp\/v2\/posts\/86327\/revisions"}],"wp:featuredmedia":[{"embeddable":true,"href":"https:\/\/diarioregionaldigital.com.br\/index.php?rest_route=\/wp\/v2\/media\/86326"}],"wp:attachment":[{"href":"https:\/\/diarioregionaldigital.com.br\/index.php?rest_route=%2Fwp%2Fv2%2Fmedia&parent=86327"}],"wp:term":[{"taxonomy":"category","embeddable":true,"href":"https:\/\/diarioregionaldigital.com.br\/index.php?rest_route=%2Fwp%2Fv2%2Fcategories&post=86327"},{"taxonomy":"post_tag","embeddable":true,"href":"https:\/\/diarioregionaldigital.com.br\/index.php?rest_route=%2Fwp%2Fv2%2Ftags&post=86327"}],"curies":[{"name":"wp","href":"https:\/\/api.w.org\/{rel}","templated":true}]}}