{"id":86325,"date":"2017-11-29T18:11:55","date_gmt":"2017-11-29T20:11:55","guid":{"rendered":"http:\/\/diarioregionaljf.com.br\/2017\/11\/29\/condenado-por-improbidade-governador-do-tocantins-pode-perder-cargo\/"},"modified":"2017-11-29T18:11:55","modified_gmt":"2017-11-29T20:11:55","slug":"condenado-por-improbidade-governador-do-tocantins-pode-perder-cargo","status":"publish","type":"post","link":"https:\/\/diarioregionaldigital.com.br\/?p=86325","title":{"rendered":"Condenado por improbidade, governador do Tocantins pode perder cargo"},"content":{"rendered":"<p>A Justi\u00e7a Federal condenou o governador do Tocantins, Marcelo Miranda, a devolver R$25,5 milh\u00f5es aos cofres p\u00fablicos. O dinheiro teria sido desviado do or\u00e7amento da sa\u00fade do estado entre 2003 e 2004.<\/p>\n<p>A senten\u00e7a, que teve origem em uma a\u00e7\u00e3o penal do Minist\u00e9rio P\u00fablico Federal no Tocantins (MPF\/TO), tamb\u00e9m determina a perda de cargo pelo crime improbidade administrativa e o pagamento de multa no valor de 100 vezes sua remunera\u00e7\u00e3o no per\u00edodo das irregularidades.<\/p>\n<p>Segundo o MPF, o governador teria contratado ilegalmente a entidade privada Oscip Brasil para gerir 14 hospitais em 12 munic\u00edpios do estado. O contrato garantiu repasses do Fundo Nacional de Sa\u00fade e tamb\u00e9m repasses diretos do Minist\u00e9rio da Sa\u00fade.<\/p>\n<p>Miranda pode recorrer da senten\u00e7a e permanece no cargo. Se for condenado definitivamente, poder\u00e1 perder os direitos pol\u00edticos por sete anos e ficar impedido de contratar com o Poder P\u00fablico.<\/p>\n<p>Na senten\u00e7a, o secret\u00e1rio e o subsecret\u00e1rio de Sa\u00fade do estado na \u00e9poca das irregularidades, Henrique Barsanulfo Furtado e Petr\u00f4nio Bezerra Lola, respectivamente, tamb\u00e9m foram condenados, com san\u00e7\u00f5es semelhantes \u00e0s impostas ao governador. Eles teriam favorecido a entidade ao atestar que estava suficientemente habilitada e equipada.<\/p>\n<p>No entendimento do juiz federal Gabriel Brum Teixeira, que emitiu a senten\u00e7a, no esquema \u201chouve terceiriza\u00e7\u00e3o ilegal dos servi\u00e7os de sa\u00fade p\u00fablica, por meio de contrato administrativo travestido de termo de parceria\u201d.<\/p>\n<p>Fonte: Ag\u00eancia Brasil<\/p>\n","protected":false},"excerpt":{"rendered":"<p>A Justi\u00e7a Federal condenou o governador do Tocantins, Marcelo Miranda, a devolver R$25,5 milh\u00f5es aos cofres p\u00fablicos. O dinheiro teria sido desviado do or\u00e7amento da sa\u00fade do estado entre 2003 e 2004. A senten\u00e7a, que teve origem em uma a\u00e7\u00e3o penal do Minist\u00e9rio P\u00fablico Federal no Tocantins (MPF\/TO), tamb\u00e9m determina a perda de cargo pelo [&hellip;]<\/p>\n","protected":false},"author":96,"featured_media":86324,"comment_status":"closed","ping_status":"closed","sticky":false,"template":"","format":"standard","meta":{"footnotes":""},"categories":[254],"tags":[],"class_list":["post-86325","post","type-post","status-publish","format-standard","has-post-thumbnail","hentry","category-politica"],"_links":{"self":[{"href":"https:\/\/diarioregionaldigital.com.br\/index.php?rest_route=\/wp\/v2\/posts\/86325","targetHints":{"allow":["GET"]}}],"collection":[{"href":"https:\/\/diarioregionaldigital.com.br\/index.php?rest_route=\/wp\/v2\/posts"}],"about":[{"href":"https:\/\/diarioregionaldigital.com.br\/index.php?rest_route=\/wp\/v2\/types\/post"}],"author":[{"embeddable":true,"href":"https:\/\/diarioregionaldigital.com.br\/index.php?rest_route=\/wp\/v2\/users\/96"}],"replies":[{"embeddable":true,"href":"https:\/\/diarioregionaldigital.com.br\/index.php?rest_route=%2Fwp%2Fv2%2Fcomments&post=86325"}],"version-history":[{"count":0,"href":"https:\/\/diarioregionaldigital.com.br\/index.php?rest_route=\/wp\/v2\/posts\/86325\/revisions"}],"wp:featuredmedia":[{"embeddable":true,"href":"https:\/\/diarioregionaldigital.com.br\/index.php?rest_route=\/wp\/v2\/media\/86324"}],"wp:attachment":[{"href":"https:\/\/diarioregionaldigital.com.br\/index.php?rest_route=%2Fwp%2Fv2%2Fmedia&parent=86325"}],"wp:term":[{"taxonomy":"category","embeddable":true,"href":"https:\/\/diarioregionaldigital.com.br\/index.php?rest_route=%2Fwp%2Fv2%2Fcategories&post=86325"},{"taxonomy":"post_tag","embeddable":true,"href":"https:\/\/diarioregionaldigital.com.br\/index.php?rest_route=%2Fwp%2Fv2%2Ftags&post=86325"}],"curies":[{"name":"wp","href":"https:\/\/api.w.org\/{rel}","templated":true}]}}