{"id":86321,"date":"2017-11-29T18:04:15","date_gmt":"2017-11-29T20:04:15","guid":{"rendered":"http:\/\/diarioregionaljf.com.br\/2017\/11\/29\/emissao-de-passaporte-exigira-menos-documentos\/"},"modified":"2017-11-29T18:04:15","modified_gmt":"2017-11-29T20:04:15","slug":"emissao-de-passaporte-exigira-menos-documentos","status":"publish","type":"post","link":"https:\/\/diarioregionaldigital.com.br\/?p=86321","title":{"rendered":"Emiss\u00e3o de passaporte exigir\u00e1 menos documentos"},"content":{"rendered":"<p>A partir de dezembro, o cidad\u00e3o que for tirar o passaporte precisar\u00e1 apresentar um n\u00famero menor de documentos. A dispensa dos comprovantes de quita\u00e7\u00e3o eleitoral, de servi\u00e7o militar e do comprovante de pagamento da taxa come\u00e7ar\u00e1 a ser implementada gradualmente a partir do fim do pr\u00f3ximo m\u00eas e valer\u00e1 para todo o pa\u00eds at\u00e9 o final de 2018. A medida faz parte do programa do governo federal Brasil Eficiente.<\/p>\n<p>Criado em mar\u00e7o deste ano, o programa tenta desburocratizar a oferta de servi\u00e7os e reduzir custos. Al\u00e9m da emiss\u00e3o do passaporte, outros servi\u00e7os v\u00e3o passar por processo de desburocratiza\u00e7\u00e3o. \u201cO objetivo \u00e9 a simplifica\u00e7\u00e3o administrativa, a moderniza\u00e7\u00e3o da gest\u00e3o e a melhoria da presta\u00e7\u00e3o dos servi\u00e7os p\u00fablicos tanto para os cidad\u00e3os e sociedade civil como para as empresas com que o governo tem rela\u00e7\u00e3o. \u00c9 um modelo que busca tamb\u00e9m reduzir custos\u201d, explicou a subchefe de articula\u00e7\u00e3o e monitoramento da Casa Civil, Nat\u00e1lia Marcassa.<\/p>\n<p>No caso do passaporte, permanece a obrigatoriedade de apresentar o documento de identidade, CPF e naturalidade. Os documentos que tiveram a apresenta\u00e7\u00e3o dispensada ser\u00e3o buscados na base dados do governo pelo \u00f3rg\u00e3o respons\u00e1vel pela emiss\u00e3o do passaporte. Assim, o cidad\u00e3o n\u00e3o ter\u00e1 que solicitar um documento em um \u00f3rg\u00e3o governamental para em seguida entregar em outro.<\/p>\n<p>&nbsp;<\/p>\n<h4>CONSULTAS NO SUS<\/h4>\n<p>Tamb\u00e9m a partir de dezembro, come\u00e7ar\u00e1 a funcionar um projeto-piloto para agendamento online de consultas no Sistema \u00danico de Sa\u00fade (SUS). A iniciativa ser\u00e1 implementado em 21 cidades e 10% dos agendamentos ser\u00e3o feitos online pelo aplicativo e-SUS Cidad\u00e3o.<\/p>\n<p>O aperfei\u00e7oamento e expans\u00e3o da carteira de trabalho digital tamb\u00e9m est\u00e1 entre as a\u00e7\u00f5es do programa. Para identificar e revisar iniciativas que podem ser simplificadas, o Brasil Eficiente tem comit\u00eas permanentes de desburocratiza\u00e7\u00e3o nos minist\u00e9rios. Os comit\u00eas j\u00e1 somam 222 iniciativas entre implementadas, iniciadas e aguardando o in\u00edcio.<\/p>\n<p>Fonte: Ag\u00eancia Brasil<\/p>\n","protected":false},"excerpt":{"rendered":"<p>A partir de dezembro, o cidad\u00e3o que for tirar o passaporte precisar\u00e1 apresentar um n\u00famero menor de documentos. A dispensa dos comprovantes de quita\u00e7\u00e3o eleitoral, de servi\u00e7o militar e do comprovante de pagamento da taxa come\u00e7ar\u00e1 a ser implementada gradualmente a partir do fim do pr\u00f3ximo m\u00eas e valer\u00e1 para todo o pa\u00eds at\u00e9 o [&hellip;]<\/p>\n","protected":false},"author":96,"featured_media":86320,"comment_status":"closed","ping_status":"closed","sticky":false,"template":"","format":"standard","meta":{"footnotes":""},"categories":[302],"tags":[],"class_list":["post-86321","post","type-post","status-publish","format-standard","has-post-thumbnail","hentry","category-brasil-mundo"],"_links":{"self":[{"href":"https:\/\/diarioregionaldigital.com.br\/index.php?rest_route=\/wp\/v2\/posts\/86321","targetHints":{"allow":["GET"]}}],"collection":[{"href":"https:\/\/diarioregionaldigital.com.br\/index.php?rest_route=\/wp\/v2\/posts"}],"about":[{"href":"https:\/\/diarioregionaldigital.com.br\/index.php?rest_route=\/wp\/v2\/types\/post"}],"author":[{"embeddable":true,"href":"https:\/\/diarioregionaldigital.com.br\/index.php?rest_route=\/wp\/v2\/users\/96"}],"replies":[{"embeddable":true,"href":"https:\/\/diarioregionaldigital.com.br\/index.php?rest_route=%2Fwp%2Fv2%2Fcomments&post=86321"}],"version-history":[{"count":0,"href":"https:\/\/diarioregionaldigital.com.br\/index.php?rest_route=\/wp\/v2\/posts\/86321\/revisions"}],"wp:featuredmedia":[{"embeddable":true,"href":"https:\/\/diarioregionaldigital.com.br\/index.php?rest_route=\/wp\/v2\/media\/86320"}],"wp:attachment":[{"href":"https:\/\/diarioregionaldigital.com.br\/index.php?rest_route=%2Fwp%2Fv2%2Fmedia&parent=86321"}],"wp:term":[{"taxonomy":"category","embeddable":true,"href":"https:\/\/diarioregionaldigital.com.br\/index.php?rest_route=%2Fwp%2Fv2%2Fcategories&post=86321"},{"taxonomy":"post_tag","embeddable":true,"href":"https:\/\/diarioregionaldigital.com.br\/index.php?rest_route=%2Fwp%2Fv2%2Ftags&post=86321"}],"curies":[{"name":"wp","href":"https:\/\/api.w.org\/{rel}","templated":true}]}}