{"id":86319,"date":"2017-11-29T18:00:35","date_gmt":"2017-11-29T20:00:35","guid":{"rendered":"http:\/\/diarioregionaljf.com.br\/2017\/11\/29\/justica-determina-internacao-por-3-anos-de-jovem-que-cometeu-atentado-em-goiania\/"},"modified":"2017-11-29T18:00:35","modified_gmt":"2017-11-29T20:00:35","slug":"justica-determina-internacao-por-3-anos-de-jovem-que-cometeu-atentado-em-goiania","status":"publish","type":"post","link":"https:\/\/diarioregionaldigital.com.br\/?p=86319","title":{"rendered":"Justi\u00e7a determina interna\u00e7\u00e3o por 3 anos de jovem que cometeu atentado em Goi\u00e2nia"},"content":{"rendered":"<p>A ju\u00edza \u00edtala Colnaghi, do Juizado da Inf\u00e2ncia e Juventude de Goi\u00e2nia, determinou a interna\u00e7\u00e3o por 3 anos do menor de 14 anos que, no dia 20 de outubro, atirou contra colegas no Col\u00e9gio Goyases, localizado no bairro Conjunto Riviera, em Goi\u00e2nia. Ele j\u00e1 cumpre medida socieducativa. Por envolver um menor de idade, o caso corre sob sigilo. A decis\u00e3o foi tomada nessa ter\u00e7a-feira, 28, durante audi\u00eancia de instru\u00e7\u00e3o e julgamento do caso que resultou na morte de dois jovens, al\u00e9m de ferir outros quatro. Filho de policiais militares, o jovem ter\u00e1 de cumprir medidas socioeducativas, al\u00e9m de receber acompanhamento psiqui\u00e1trico e de ser avaliado periodicamente. A defesa n\u00e3o vai recorrer.<\/p>\n<p>No depoimento que prestou ap\u00f3s ter cometido o crime, o autor dos disparos disse que foi motivado por bullying e que se inspirou nos casos da escola de Columbine (ocorrido em 1999, nos Estados Unidos), e de Realengo (em 2011, no Rio de Janeiro). Todas as v\u00edtimas tinham 13 anos de idade. Segundo o autor dos disparos, um dos dois jovens mortos era quem praticava o bullying contra ele. O outro era um amigo. Bullying \u00e9 uma situa\u00e7\u00e3o que se caracteriza por agress\u00f5es intencionais, verbais ou f\u00edsicas, feitas de maneira repetitiva, por um ou mais estudantes contra um ou mais colegas.<\/p>\n<p>O ataque ocorreu por volta das 11h30. A arma usada foi uma pistola que pertencia \u00e0 m\u00e3e do adolescente, que \u00e9 policial militar. O jovem disse que achou a pistola escondida em um m\u00f3vel da casa. Nem a m\u00e3e e nem o pai, que tamb\u00e9m \u00e9 policial militar, ensinaram o adolescente a atirar.<\/p>\n<p>Ao retirar a arma da mochila para come\u00e7ar o ataque, ele chegou a efetuar um disparo acidental, mas n\u00e3o se feriu. O disparou assustou a todos e, ent\u00e3o o adolescente se dirigiu ao colega que ele identificava como seu desafeto e atirou. O estudante morreu no local. No depoimento, o autor dos disparos narrou que tinha inten\u00e7\u00e3o de matar apenas o colega que o \u201camolava\u201d, mas no momento do ataque, diante do desespero das pessoas e tamb\u00e9m abalado, continuou atirando.<\/p>\n<p>Fonte: Ag\u00eancia Brasil<\/p>\n","protected":false},"excerpt":{"rendered":"<p>A ju\u00edza \u00edtala Colnaghi, do Juizado da Inf\u00e2ncia e Juventude de Goi\u00e2nia, determinou a interna\u00e7\u00e3o por 3 anos do menor de 14 anos que, no dia 20 de outubro, atirou contra colegas no Col\u00e9gio Goyases, localizado no bairro Conjunto Riviera, em Goi\u00e2nia. Ele j\u00e1 cumpre medida socieducativa. Por envolver um menor de idade, o caso [&hellip;]<\/p>\n","protected":false},"author":96,"featured_media":86318,"comment_status":"closed","ping_status":"closed","sticky":false,"template":"","format":"standard","meta":{"footnotes":""},"categories":[302],"tags":[],"class_list":["post-86319","post","type-post","status-publish","format-standard","has-post-thumbnail","hentry","category-brasil-mundo"],"_links":{"self":[{"href":"https:\/\/diarioregionaldigital.com.br\/index.php?rest_route=\/wp\/v2\/posts\/86319","targetHints":{"allow":["GET"]}}],"collection":[{"href":"https:\/\/diarioregionaldigital.com.br\/index.php?rest_route=\/wp\/v2\/posts"}],"about":[{"href":"https:\/\/diarioregionaldigital.com.br\/index.php?rest_route=\/wp\/v2\/types\/post"}],"author":[{"embeddable":true,"href":"https:\/\/diarioregionaldigital.com.br\/index.php?rest_route=\/wp\/v2\/users\/96"}],"replies":[{"embeddable":true,"href":"https:\/\/diarioregionaldigital.com.br\/index.php?rest_route=%2Fwp%2Fv2%2Fcomments&post=86319"}],"version-history":[{"count":0,"href":"https:\/\/diarioregionaldigital.com.br\/index.php?rest_route=\/wp\/v2\/posts\/86319\/revisions"}],"wp:featuredmedia":[{"embeddable":true,"href":"https:\/\/diarioregionaldigital.com.br\/index.php?rest_route=\/wp\/v2\/media\/86318"}],"wp:attachment":[{"href":"https:\/\/diarioregionaldigital.com.br\/index.php?rest_route=%2Fwp%2Fv2%2Fmedia&parent=86319"}],"wp:term":[{"taxonomy":"category","embeddable":true,"href":"https:\/\/diarioregionaldigital.com.br\/index.php?rest_route=%2Fwp%2Fv2%2Fcategories&post=86319"},{"taxonomy":"post_tag","embeddable":true,"href":"https:\/\/diarioregionaldigital.com.br\/index.php?rest_route=%2Fwp%2Fv2%2Ftags&post=86319"}],"curies":[{"name":"wp","href":"https:\/\/api.w.org\/{rel}","templated":true}]}}