{"id":86313,"date":"2017-11-29T17:47:27","date_gmt":"2017-11-29T19:47:27","guid":{"rendered":"http:\/\/diarioregionaljf.com.br\/2017\/11\/29\/reconstrucao-da-siria-vai-custar-us-250-bilhoes-diz-onu\/"},"modified":"2017-11-29T17:47:27","modified_gmt":"2017-11-29T19:47:27","slug":"reconstrucao-da-siria-vai-custar-us-250-bilhoes-diz-onu","status":"publish","type":"post","link":"https:\/\/diarioregionaldigital.com.br\/?p=86313","title":{"rendered":"Reconstru\u00e7\u00e3o da S\u00edria vai custar US$250 bilh\u00f5es, diz ONU"},"content":{"rendered":"<p>A reconstru\u00e7\u00e3o da S\u00edria custar\u00e1 pelo menos US$250 bilh\u00f5es, disse nesta segunda-feira, 27, Staffan de Mistura, enviado especial do secret\u00e1rio-geral das Na\u00e7\u00f5es Unidas para o pa\u00eds. Ele informou aos Estados-membros do Conselho de Seguran\u00e7a da ONU que a guerra dos \u00faltimos seis anos obrigou metade da popula\u00e7\u00e3o s\u00edria a fugir das suas casas.<\/p>\n<p>De Mistura disse acreditar que chegou o momento da verdade para o di\u00e1logo, falando dos preparativos para a oitava rodada do di\u00e1logo de paz entre as partes do conflito em Genebra, com participa\u00e7\u00e3o de uma delega\u00e7\u00e3o do governo da S\u00edria e representantes da oposi\u00e7\u00e3o.<\/p>\n<p>A a\u00e7\u00e3o de &#8220;v\u00e1rias partes e as v\u00e1rias mudan\u00e7as de agenda&#8221; estiveram entre os obst\u00e1culos para se obter um acordo nos \u00faltimos anos, disse o enviado especial da ONU. Segundo ele, continua real &#8220;o perigo de fragmenta\u00e7\u00e3o da integridade territorial, da soberania e da independ\u00eancia&#8221; da S\u00edria.<\/p>\n<p>De Mistura falou ainda da atua\u00e7\u00e3o Estado Isl\u00e2mico (EI), grupo terrorista que considerou o &#8220;maior e o mais rico da hist\u00f3ria. Os integrantes do EI vieram de mais de 100 pa\u00edses, praticando o uso da for\u00e7a contra civis numa escala horr\u00edvel&#8221;, argumentou.<\/p>\n<p>&nbsp;<\/p>\n<h4>COMBOIO RECUOU<\/h4>\n<p>Ele destacou a preocupa\u00e7\u00e3o das Na\u00e7\u00f5es Unidas com a viol\u00eancia ocorrida nas \u00faltimas semanas na parte oriental da regi\u00e3o s\u00edria de Ghoutha, ap\u00f3s um comboio de v\u00e1rias ag\u00eancias da ONU e da Cruz Vermelha da S\u00edria n\u00e3o ter conseguido entrar na localidade de Nashabieh. Estima-se que 400 mil pessoas vivam nessa \u00e1rea rural de Damasco.<\/p>\n<p>Os confrontos obrigaram o comboio a recuar com alimentos, artigos de sa\u00fade e de nutri\u00e7\u00e3o para mais de 7 mil necessitados da regi\u00e3o. De Mistura disse que a decis\u00e3o foi tomada ap\u00f3s a ocorr\u00eancia de bombardeios e explos\u00f5es, apesar de terem sido dadas garantias de passagem segura antes do deslocamento do comboio.<\/p>\n<p>Fonte: Ag\u00eancia Brasil<\/p>\n","protected":false},"excerpt":{"rendered":"<p>A reconstru\u00e7\u00e3o da S\u00edria custar\u00e1 pelo menos US$250 bilh\u00f5es, disse nesta segunda-feira, 27, Staffan de Mistura, enviado especial do secret\u00e1rio-geral das Na\u00e7\u00f5es Unidas para o pa\u00eds. Ele informou aos Estados-membros do Conselho de Seguran\u00e7a da ONU que a guerra dos \u00faltimos seis anos obrigou metade da popula\u00e7\u00e3o s\u00edria a fugir das suas casas. De Mistura [&hellip;]<\/p>\n","protected":false},"author":96,"featured_media":86312,"comment_status":"closed","ping_status":"closed","sticky":false,"template":"","format":"standard","meta":{"footnotes":""},"categories":[302],"tags":[],"class_list":["post-86313","post","type-post","status-publish","format-standard","has-post-thumbnail","hentry","category-brasil-mundo"],"_links":{"self":[{"href":"https:\/\/diarioregionaldigital.com.br\/index.php?rest_route=\/wp\/v2\/posts\/86313","targetHints":{"allow":["GET"]}}],"collection":[{"href":"https:\/\/diarioregionaldigital.com.br\/index.php?rest_route=\/wp\/v2\/posts"}],"about":[{"href":"https:\/\/diarioregionaldigital.com.br\/index.php?rest_route=\/wp\/v2\/types\/post"}],"author":[{"embeddable":true,"href":"https:\/\/diarioregionaldigital.com.br\/index.php?rest_route=\/wp\/v2\/users\/96"}],"replies":[{"embeddable":true,"href":"https:\/\/diarioregionaldigital.com.br\/index.php?rest_route=%2Fwp%2Fv2%2Fcomments&post=86313"}],"version-history":[{"count":0,"href":"https:\/\/diarioregionaldigital.com.br\/index.php?rest_route=\/wp\/v2\/posts\/86313\/revisions"}],"wp:featuredmedia":[{"embeddable":true,"href":"https:\/\/diarioregionaldigital.com.br\/index.php?rest_route=\/wp\/v2\/media\/86312"}],"wp:attachment":[{"href":"https:\/\/diarioregionaldigital.com.br\/index.php?rest_route=%2Fwp%2Fv2%2Fmedia&parent=86313"}],"wp:term":[{"taxonomy":"category","embeddable":true,"href":"https:\/\/diarioregionaldigital.com.br\/index.php?rest_route=%2Fwp%2Fv2%2Fcategories&post=86313"},{"taxonomy":"post_tag","embeddable":true,"href":"https:\/\/diarioregionaldigital.com.br\/index.php?rest_route=%2Fwp%2Fv2%2Ftags&post=86313"}],"curies":[{"name":"wp","href":"https:\/\/api.w.org\/{rel}","templated":true}]}}