{"id":86311,"date":"2017-11-29T17:39:44","date_gmt":"2017-11-29T19:39:44","guid":{"rendered":"http:\/\/diarioregionaljf.com.br\/2017\/11\/29\/cervejas-juiz-foranas-sao-destaque-no-5-biergartenabrasel\/"},"modified":"2017-11-29T17:39:44","modified_gmt":"2017-11-29T19:39:44","slug":"cervejas-juiz-foranas-sao-destaque-no-5-biergartenabrasel","status":"publish","type":"post","link":"https:\/\/diarioregionaldigital.com.br\/?p=86311","title":{"rendered":"Cervejas juiz-foranas s\u00e3o destaque no 5\u00b0 BiergartenAbrasel"},"content":{"rendered":"<p>Entre os dias 1\u00ba e 3 de dezembro ser\u00e1 realizada a 5\u00aa edi\u00e7\u00e3o do tradicional festival de cervejas especiais BiergartenAbrasel. Durante o evento, al\u00e9m da oportunidade de provar a tradicional bebida, o p\u00fablico que comparecer ao Parque Halfeld poder\u00e1 degustar deliciosos pratos da culin\u00e1ria alem\u00e3 e brasileira.<\/p>\n<p>O 5\u00b0 BiergartenAbrasel vai reunir diversos produtores de cerveja de Juiz de Fora e regi\u00e3o, al\u00e9m de dois restaurantes e diversas outras atra\u00e7\u00f5es, como shows ao vivo e atividades para as crian\u00e7as.<\/p>\n<p>&nbsp;<\/p>\n<h4>HIST\u00d3RICO<\/h4>\n<p>A inspira\u00e7\u00e3o do Biergarten vem de um costume cultural alem\u00e3o, que traduzindo significa algo como o \u201cjardim da cerveja\u201d (bier + garten). Na Alemanha, \u00e9 tradi\u00e7\u00e3o organizar espa\u00e7os para confraterniza\u00e7\u00e3o ao ar livre, com cerveja, culin\u00e1ria e m\u00fasica.<\/p>\n<p>A primeira edi\u00e7\u00e3o do Biergarten em Juiz de Fora foi realizada em maio de 2015, reunindo diversas cervejarias da cidade e incentivando a cultura dos eventos cervejeiros na regi\u00e3o.<\/p>\n<p>As edi\u00e7\u00f5es anteriores foram realizadas na Pra\u00e7a do Bom Pastor e na Pra\u00e7a Jarbas de Lery, no S\u00e3o Mateus. Desta vez, o evento foi trazido para o Parque Halfeld, visando dar a oportunidade para que a cidade conhe\u00e7a e participe de forma ainda mais democr\u00e1tica do festival, em uma \u00e1rea mais central e acess\u00edvel.<\/p>\n<p>&nbsp;<\/p>\n<p><strong>5\u00ba BiergartenAbrasel<\/strong><\/p>\n<p>&#8211; Local: Parque Halfeld<br \/>&#8211; Dias: 01\/12 (Sexta-feira), de 12h \u00e0s 22h; 02\/12 (S\u00e1bado), de 10h \u00e0s 20h; 03\/12 (Domingo), de 10h \u00e0s 20h<\/p>\n<p>&nbsp;<\/p>\n<p>Da reda\u00e7\u00e3o\/Assessoria<\/p>\n","protected":false},"excerpt":{"rendered":"<p>Entre os dias 1\u00ba e 3 de dezembro ser\u00e1 realizada a 5\u00aa edi\u00e7\u00e3o do tradicional festival de cervejas especiais BiergartenAbrasel. Durante o evento, al\u00e9m da oportunidade de provar a tradicional bebida, o p\u00fablico que comparecer ao Parque Halfeld poder\u00e1 degustar deliciosos pratos da culin\u00e1ria alem\u00e3 e brasileira. O 5\u00b0 BiergartenAbrasel vai reunir diversos produtores de [&hellip;]<\/p>\n","protected":false},"author":96,"featured_media":86310,"comment_status":"closed","ping_status":"closed","sticky":false,"template":"","format":"standard","meta":{"footnotes":""},"categories":[253],"tags":[],"class_list":["post-86311","post","type-post","status-publish","format-standard","has-post-thumbnail","hentry","category-cidade"],"_links":{"self":[{"href":"https:\/\/diarioregionaldigital.com.br\/index.php?rest_route=\/wp\/v2\/posts\/86311","targetHints":{"allow":["GET"]}}],"collection":[{"href":"https:\/\/diarioregionaldigital.com.br\/index.php?rest_route=\/wp\/v2\/posts"}],"about":[{"href":"https:\/\/diarioregionaldigital.com.br\/index.php?rest_route=\/wp\/v2\/types\/post"}],"author":[{"embeddable":true,"href":"https:\/\/diarioregionaldigital.com.br\/index.php?rest_route=\/wp\/v2\/users\/96"}],"replies":[{"embeddable":true,"href":"https:\/\/diarioregionaldigital.com.br\/index.php?rest_route=%2Fwp%2Fv2%2Fcomments&post=86311"}],"version-history":[{"count":0,"href":"https:\/\/diarioregionaldigital.com.br\/index.php?rest_route=\/wp\/v2\/posts\/86311\/revisions"}],"wp:featuredmedia":[{"embeddable":true,"href":"https:\/\/diarioregionaldigital.com.br\/index.php?rest_route=\/wp\/v2\/media\/86310"}],"wp:attachment":[{"href":"https:\/\/diarioregionaldigital.com.br\/index.php?rest_route=%2Fwp%2Fv2%2Fmedia&parent=86311"}],"wp:term":[{"taxonomy":"category","embeddable":true,"href":"https:\/\/diarioregionaldigital.com.br\/index.php?rest_route=%2Fwp%2Fv2%2Fcategories&post=86311"},{"taxonomy":"post_tag","embeddable":true,"href":"https:\/\/diarioregionaldigital.com.br\/index.php?rest_route=%2Fwp%2Fv2%2Ftags&post=86311"}],"curies":[{"name":"wp","href":"https:\/\/api.w.org\/{rel}","templated":true}]}}