{"id":86303,"date":"2017-11-29T12:16:05","date_gmt":"2017-11-29T14:16:05","guid":{"rendered":"http:\/\/diarioregionaljf.com.br\/2017\/11\/29\/assaltante-comete-serie-de-roubos-a-mao-armada-na-zona-norte\/"},"modified":"2017-11-29T12:16:05","modified_gmt":"2017-11-29T14:16:05","slug":"assaltante-comete-serie-de-roubos-a-mao-armada-na-zona-norte","status":"publish","type":"post","link":"https:\/\/diarioregionaldigital.com.br\/?p=86303","title":{"rendered":"Assaltante comete s\u00e9rie de roubos \u00e0 m\u00e3o armada na zona Norte"},"content":{"rendered":"<p>A Pol\u00edcia Militar (PM) registrou dois assaltos em s\u00e9rie no in\u00edcio da manh\u00e3 desta ter\u00e7a-feira, 28. Os crimes ocorreram no bairro J\u00f3quei Clube, localizado na zona Norte de Juiz de Fora.<\/p>\n<p>De acordo com informa\u00e7\u00f5es do registro de ocorr\u00eancias o primeiro assalto ocorreu em uma padaria, na qual, uma funcion\u00e1ria, de 21 anos, relatou que um indiv\u00edduo armado teria anunciado invadido o local.<\/p>\n<p>Segundo a v\u00edtima, o autor chegou at\u00e9 o balc\u00e3o do estabelecimento, pediu um p\u00e3o de queijo, e logo depois foi at\u00e9 o caixa, momento em que retirou uma arma de fogo de dentro da mochila e exigiu o dinheiro. A funcion\u00e1ria entregou a quantia de R$200 ao assaltante, que logo ap\u00f3s a a\u00e7\u00e3o fugiu em dire\u00e7\u00e3o ao bairro Barbosa Lage.<\/p>\n<p>A funcion\u00e1ria repassou caracter\u00edsticas do autor, como por exemplo, as roupas que utilizava no momento do crime, chap\u00e9u preto tipo de praia e camisa de manga comprida de cor preta ou cinza, cal\u00e7a jeans e com uma mochila camuflada. Ela n\u00e3o soube informar a maneira pela qual o autor fugiu.<\/p>\n<p>O segundo assalto teria ocorrido em uma passagem da linha f\u00e9rrea no bairro, onde o mesmo autor teria abordado dois adolescentes que estavam em dire\u00e7\u00e3o a Escola Estadual Clorindo Burnier. O assaltante amea\u00e7ou as v\u00edtimas e roubou o celular de uma das jovens, de 17 anos. Ap\u00f3s o crime fugiu de bicicleta em dire\u00e7\u00e3o ao bairro J\u00f3quei Clube II.<\/p>\n<p>As v\u00edtimas repassarem as caracter\u00edsticas do autor \u00e0 PM, que constatou se tratar do mesmo assaltante da padaria.<\/p>\n<p>De posse das informa\u00e7\u00f5es, os policiais militares seguiram at\u00e9 a resid\u00eancia do autor, mas n\u00e3o o encontraram no local. Entretanto, as roupas e a mochila utilizadas pelo indiv\u00edduo nos crimes foram localizadas na casa. A PM mostrou os materiais e uma foto do suspeito a uma das v\u00edtimas, que confirmou se tratar do assaltante.<\/p>\n<p>Em busca continuada pela casa, os policiais tamb\u00e9m encontraram uma motocicleta da marca Suzuki, fruto de roubo.<\/p>\n<p>A PM recolheu os materiais encontrados e a moto.<\/p>\n<p>Uma testemunha do local informou que o suspeito teria chegado ao local e rapidamente sa\u00eddo, aproximadamente 20 minutos antes de a pol\u00edcia chegar.<\/p>\n<p>Em consulta ao sistema, a PM confirmou que o autor, de 31 anos, j\u00e1 foi preso e tem passagem por roubo, tr\u00e1fico de entorpecente e les\u00e3o corporal. A PM segue em busca do indiv\u00edduo.<\/p>\n<p>As v\u00edtimas receberam as orienta\u00e7\u00f5es necess\u00e1rias.<\/p>\n","protected":false},"excerpt":{"rendered":"<p>A Pol\u00edcia Militar (PM) registrou dois assaltos em s\u00e9rie no in\u00edcio da manh\u00e3 desta ter\u00e7a-feira, 28. Os crimes ocorreram no bairro J\u00f3quei Clube, localizado na zona Norte de Juiz de Fora. De acordo com informa\u00e7\u00f5es do registro de ocorr\u00eancias o primeiro assalto ocorreu em uma padaria, na qual, uma funcion\u00e1ria, de 21 anos, relatou que [&hellip;]<\/p>\n","protected":false},"author":96,"featured_media":86302,"comment_status":"closed","ping_status":"closed","sticky":false,"template":"","format":"standard","meta":{"footnotes":""},"categories":[301],"tags":[],"class_list":["post-86303","post","type-post","status-publish","format-standard","has-post-thumbnail","hentry","category-artigos-policiais"],"_links":{"self":[{"href":"https:\/\/diarioregionaldigital.com.br\/index.php?rest_route=\/wp\/v2\/posts\/86303","targetHints":{"allow":["GET"]}}],"collection":[{"href":"https:\/\/diarioregionaldigital.com.br\/index.php?rest_route=\/wp\/v2\/posts"}],"about":[{"href":"https:\/\/diarioregionaldigital.com.br\/index.php?rest_route=\/wp\/v2\/types\/post"}],"author":[{"embeddable":true,"href":"https:\/\/diarioregionaldigital.com.br\/index.php?rest_route=\/wp\/v2\/users\/96"}],"replies":[{"embeddable":true,"href":"https:\/\/diarioregionaldigital.com.br\/index.php?rest_route=%2Fwp%2Fv2%2Fcomments&post=86303"}],"version-history":[{"count":0,"href":"https:\/\/diarioregionaldigital.com.br\/index.php?rest_route=\/wp\/v2\/posts\/86303\/revisions"}],"wp:featuredmedia":[{"embeddable":true,"href":"https:\/\/diarioregionaldigital.com.br\/index.php?rest_route=\/wp\/v2\/media\/86302"}],"wp:attachment":[{"href":"https:\/\/diarioregionaldigital.com.br\/index.php?rest_route=%2Fwp%2Fv2%2Fmedia&parent=86303"}],"wp:term":[{"taxonomy":"category","embeddable":true,"href":"https:\/\/diarioregionaldigital.com.br\/index.php?rest_route=%2Fwp%2Fv2%2Fcategories&post=86303"},{"taxonomy":"post_tag","embeddable":true,"href":"https:\/\/diarioregionaldigital.com.br\/index.php?rest_route=%2Fwp%2Fv2%2Ftags&post=86303"}],"curies":[{"name":"wp","href":"https:\/\/api.w.org\/{rel}","templated":true}]}}