{"id":86301,"date":"2017-11-29T11:08:09","date_gmt":"2017-11-29T13:08:09","guid":{"rendered":"http:\/\/diarioregionaljf.com.br\/2017\/11\/29\/jovem-e-ameacado-e-assaltado-no-terminal-rodoviario\/"},"modified":"2017-11-29T11:08:09","modified_gmt":"2017-11-29T13:08:09","slug":"jovem-e-ameacado-e-assaltado-no-terminal-rodoviario","status":"publish","type":"post","link":"https:\/\/diarioregionaldigital.com.br\/?p=86301","title":{"rendered":"Jovem \u00e9 amea\u00e7ado e assaltado no terminal rodovi\u00e1rio"},"content":{"rendered":"<p>Um jovem de 27 anos foi assaltado no Terminal Rodovi\u00e1rio Miguel Mansur, na noite desta ter\u00e7a-feira, 28, no bairro S\u00e3o Dimas, localizado na zona Norte de Juiz de Fora.<\/p>\n<p>De acordo com o registro de ocorr\u00eancias da Pol\u00edcia Militar (PM), a v\u00edtima entrou em um banheiro pr\u00f3ximo a \u00e1rea de carga e descarga do terminal rodovi\u00e1rio, e ao retornar, passando pela roleta, foi abordado por um indiv\u00edduo armado.<\/p>\n<p>Na abordagem, o autor levantou a blusa e mostrou uma arma na cintura, amea\u00e7ando atirar na v\u00edtima caso n\u00e3o entregasse seus pertences. Ele chegou a pegar um notebook e um celular do jovem, entretanto, o mesmo afirmou que tais aparelhos possu\u00edam rastreador. O assaltante ent\u00e3o deixou tais objetos e pegou a quantia de R$450.<\/p>\n<p>Ap\u00f3s a a\u00e7\u00e3o, o autor mandou que a v\u00edtima caminhasse com ele at\u00e9 a \u00e1rea de embarque e em seguida fugiu sentido a um shopping da regi\u00e3o.<\/p>\n<p>Segundo informa\u00e7\u00f5es da PM, foi realizado contato com o setor respons\u00e1vel pelo terminal a fim de solicitar imagens do circuito interno de c\u00e2meras.<\/p>\n<p>Viaturas da pol\u00edcia realizaram rastreamento pela regi\u00e3o, mas at\u00e9 o momento o autor n\u00e3o foi localizado.<\/p>\n","protected":false},"excerpt":{"rendered":"<p>Um jovem de 27 anos foi assaltado no Terminal Rodovi\u00e1rio Miguel Mansur, na noite desta ter\u00e7a-feira, 28, no bairro S\u00e3o Dimas, localizado na zona Norte de Juiz de Fora. De acordo com o registro de ocorr\u00eancias da Pol\u00edcia Militar (PM), a v\u00edtima entrou em um banheiro pr\u00f3ximo a \u00e1rea de carga e descarga do terminal [&hellip;]<\/p>\n","protected":false},"author":96,"featured_media":86300,"comment_status":"closed","ping_status":"closed","sticky":false,"template":"","format":"standard","meta":{"footnotes":""},"categories":[301],"tags":[],"class_list":["post-86301","post","type-post","status-publish","format-standard","has-post-thumbnail","hentry","category-artigos-policiais"],"_links":{"self":[{"href":"https:\/\/diarioregionaldigital.com.br\/index.php?rest_route=\/wp\/v2\/posts\/86301","targetHints":{"allow":["GET"]}}],"collection":[{"href":"https:\/\/diarioregionaldigital.com.br\/index.php?rest_route=\/wp\/v2\/posts"}],"about":[{"href":"https:\/\/diarioregionaldigital.com.br\/index.php?rest_route=\/wp\/v2\/types\/post"}],"author":[{"embeddable":true,"href":"https:\/\/diarioregionaldigital.com.br\/index.php?rest_route=\/wp\/v2\/users\/96"}],"replies":[{"embeddable":true,"href":"https:\/\/diarioregionaldigital.com.br\/index.php?rest_route=%2Fwp%2Fv2%2Fcomments&post=86301"}],"version-history":[{"count":0,"href":"https:\/\/diarioregionaldigital.com.br\/index.php?rest_route=\/wp\/v2\/posts\/86301\/revisions"}],"wp:featuredmedia":[{"embeddable":true,"href":"https:\/\/diarioregionaldigital.com.br\/index.php?rest_route=\/wp\/v2\/media\/86300"}],"wp:attachment":[{"href":"https:\/\/diarioregionaldigital.com.br\/index.php?rest_route=%2Fwp%2Fv2%2Fmedia&parent=86301"}],"wp:term":[{"taxonomy":"category","embeddable":true,"href":"https:\/\/diarioregionaldigital.com.br\/index.php?rest_route=%2Fwp%2Fv2%2Fcategories&post=86301"},{"taxonomy":"post_tag","embeddable":true,"href":"https:\/\/diarioregionaldigital.com.br\/index.php?rest_route=%2Fwp%2Fv2%2Ftags&post=86301"}],"curies":[{"name":"wp","href":"https:\/\/api.w.org\/{rel}","templated":true}]}}