{"id":86293,"date":"2017-11-28T22:44:25","date_gmt":"2017-11-29T00:44:25","guid":{"rendered":"http:\/\/diarioregionaljf.com.br\/2017\/11\/28\/panathlon-club-divulga-relacao-de-agraciados-com-merito-esportivo-2017\/"},"modified":"2017-11-28T22:44:25","modified_gmt":"2017-11-29T00:44:25","slug":"panathlon-club-divulga-relacao-de-agraciados-com-merito-esportivo-2017","status":"publish","type":"post","link":"https:\/\/diarioregionaldigital.com.br\/?p=86293","title":{"rendered":"Panathlon Club divulga rela\u00e7\u00e3o de agraciados com M\u00e9rito Esportivo 2017"},"content":{"rendered":"<p>Chegou um momentos dos mais aguardados ao final de cada temporada esportiva: o M\u00e9rito Esportivo Panathlon 2017, iniciativa do Panathlon Club Juiz de Fora.&nbsp;O evento \u00e9 somente para convidados e est\u00e1 previsto para o dia 7 de dezembro, \u00e0s 19h30, no AABB Juiz de Fora.<\/p>\n<p><strong>&nbsp;&nbsp;&nbsp; Um clube de peso<\/strong><\/p>\n<p>&nbsp;&nbsp;&nbsp;&nbsp; A maior e mais antiga premia\u00e7\u00e3o esportiva de Juiz de Fora e regi\u00e3o \u00e9 promovida por um clube tradicional e considerado um dos mais ativos e representativos entre os clubes do Panathlon no Brasil e no mundo.<\/p>\n<p>&nbsp;&nbsp; Entre as bandeiras do movimento panathl\u00e9tico est\u00e3o a disciplina, o fair play e a \u00e9tica no esporte e o combate ao doping.<\/p>\n<p>&nbsp;&nbsp;&nbsp;&nbsp; A lista de agraciados contempla n\u00e3o s\u00f3 atletas, mas equipes, \u00e1rbitros, entidades e empresas que alcan\u00e7aram destaque e projetaram o esporte local em 2017, al\u00e9m de atletas do passado.<\/p>\n<p><strong><span style=\"color: #000000;\">Como \u00e9 o processo<\/span><\/strong><\/p>\n<p>&nbsp;&nbsp; A lista dos nomes come\u00e7a com indica\u00e7\u00f5es dos pr\u00f3prios panathletas, que representam as mais diversas modalidades. Ve\u00edculos de imprensa locais tamb\u00e9m s\u00e3o consultados. Cabe a uma comiss\u00e3o interna do pr\u00f3prio Panathlon Club o julgamento para se chegar \u00e0 rela\u00e7\u00e3o definitiva.<\/p>\n<p><strong>Valor reconhecido<\/strong><\/p>\n<p>&nbsp;&nbsp; \u201cEstamos cientes que n\u00e3o conseguimos premiar todos os destaques do nosso esporte, mas quem est\u00e1 na lista certamente tem seu valor. \u00c9 uma noite que ainda proporciona uma oportunidade especial de congra\u00e7amento entre destaques de diversas modalidades\u201d, observa o Professor Cl\u00e1udio Esteves, presidente do clube juizforano.<\/p>\n<p>&nbsp;&nbsp; Durante a cerim\u00f4nia, haver\u00e1 ainda a transmiss\u00e3o do cargo, uma vez que em janeiro o panathleta Basileu Tavares assumir\u00e1 o comando do clube local.&nbsp;&nbsp;<\/p>\n<p>&nbsp;&nbsp; Este ano, 25 nomes do esporte local receber\u00e3o o M\u00e9rito Esportivo Panathlon 2017.<\/p>\n<p><strong>&nbsp;<\/strong><\/p>\n<p><strong>&nbsp;<\/strong><\/p>\n<p><strong>Confira a lista dos agraciados: <\/strong><\/p>\n<table>\n<tbody>\n<tr>\n<td style=\"width: 45px;\">&nbsp;<\/td>\n<td style=\"width: 302px;\">&nbsp;<\/td>\n<td style=\"width: 229px;\">&nbsp;<\/td>\n<\/tr>\n<tr>\n<td style=\"width: 45px;\">\n<p><strong>01<\/strong><\/p>\n<\/td>\n<td style=\"width: 302px;\">\n<p><strong>ADJF<\/strong><\/p>\n<\/td>\n<td style=\"width: 229px;\">\n<p><strong>Handebol<\/strong><\/p>\n<\/td>\n<\/tr>\n<tr>\n<td style=\"width: 45px;\">\n<p><strong>02<\/strong><\/p>\n<\/td>\n<td style=\"width: 302px;\">\n<p><strong>Alexandre Ank<\/strong><\/p>\n<\/td>\n<td style=\"width: 229px;\">\n<p><strong>T\u00eanis de Mesa Paral\u00edmpico<\/strong><\/p>\n<\/td>\n<\/tr>\n<tr>\n<td style=\"width: 45px;\">\n<p><strong>03<\/strong><\/p>\n<\/td>\n<td style=\"width: 302px;\">\n<p><strong>Amanda Aparecida de Oliveira<\/strong><\/p>\n<\/td>\n<td style=\"width: 229px;\">\n<p><strong>Atletismo<\/strong><\/p>\n<\/td>\n<\/tr>\n<tr>\n<td style=\"width: 45px;\">\n<p><strong>04<\/strong><\/p>\n<\/td>\n<td style=\"width: 302px;\">\n<p><strong>Beatriz Iasmin Soares Ferreira<\/strong><\/p>\n<\/td>\n<td style=\"width: 229px;\">\n<p><strong>Boxe<\/strong><\/p>\n<\/td>\n<\/tr>\n<tr>\n<td style=\"width: 45px;\">\n<p><strong>05<\/strong><\/p>\n<\/td>\n<td style=\"width: 302px;\">\n<p><strong>Danielly Vit\u00f3ria<\/strong><\/p>\n<\/td>\n<td style=\"width: 229px;\">\n<p><strong>Taekwoondo<\/strong><\/p>\n<\/td>\n<\/tr>\n<tr>\n<td style=\"width: 45px;\">\n<p><strong>06<\/strong><\/p>\n<\/td>\n<td style=\"width: 302px;\">\n<p><strong>Danilo Luiz da Silva<\/strong><\/p>\n<\/td>\n<td style=\"width: 229px;\">\n<p><strong>Futebol<\/strong><\/p>\n<\/td>\n<\/tr>\n<tr>\n<td style=\"width: 45px;\">\n<p><strong>07<\/strong><\/p>\n<\/td>\n<td style=\"width: 302px;\">\n<p><strong>Elshadai Viagens<\/strong><\/p>\n<\/td>\n<td style=\"width: 229px;\">\n<p><strong>Incentivo ao Esporte<\/strong><\/p>\n<\/td>\n<\/tr>\n<tr>\n<td style=\"width: 45px;\">\n<p><strong>08<\/strong><\/p>\n<\/td>\n<td style=\"width: 302px;\">\n<p><strong>Fabricio H\u00fangaro Jobim<\/strong><\/p>\n<\/td>\n<td style=\"width: 229px;\">\n<p><strong>R\u00fastica &#8211; PNE<\/strong><\/p>\n<\/td>\n<\/tr>\n<tr>\n<td style=\"width: 45px;\">\n<p><strong>09<\/strong><\/p>\n<\/td>\n<td style=\"width: 302px;\">\n<p><strong>Felipe Moreira Roque<\/strong><\/p>\n<\/td>\n<td style=\"width: 229px;\">\n<p><strong>Voleibol<\/strong><\/p>\n<\/td>\n<\/tr>\n<tr>\n<td style=\"width: 45px;\">\n<p><strong>10<\/strong><\/p>\n<\/td>\n<td style=\"width: 302px;\">\n<p><strong>Futrica Associa\u00e7\u00e3o de Futebol de Mesa<\/strong><\/p>\n<\/td>\n<td style=\"width: 229px;\">\n<p><strong>50 anos de Funda\u00e7\u00e3o<\/strong><\/p>\n<\/td>\n<\/tr>\n<tr>\n<td style=\"width: 45px;\">\n<p><strong>11<\/strong><\/p>\n<\/td>\n<td style=\"width: 302px;\">\n<p><strong>Grupo Bahamas<\/strong><\/p>\n<\/td>\n<td style=\"width: 229px;\">\n<p><strong>Incentivo ao Esporte<\/strong><\/p>\n<\/td>\n<\/tr>\n<tr>\n<td style=\"width: 45px;\">\n<p><strong>12<\/strong><\/p>\n<\/td>\n<td style=\"width: 302px;\">\n<p><strong>Grupo Rezato<\/strong><\/p>\n<\/td>\n<td style=\"width: 229px;\">\n<p><strong>Incentivo ao Esporte<\/strong><\/p>\n<\/td>\n<\/tr>\n<tr>\n<td style=\"width: 45px;\">\n<p><strong>13<\/strong><\/p>\n<\/td>\n<td style=\"width: 302px;\">\n<p><strong>Guilherme Oliveira da Silva<\/strong><\/p>\n<\/td>\n<td style=\"width: 229px;\">\n<p><strong>Handebol<\/strong><\/p>\n<\/td>\n<\/tr>\n<tr>\n<td style=\"width: 45px;\">\n<p><strong>14<\/strong><\/p>\n<\/td>\n<td style=\"width: 302px;\">\n<p><strong>Hudson Rodrigues dos Santos<\/strong><\/p>\n<\/td>\n<td style=\"width: 229px;\">\n<p><strong>Futebol<\/strong><\/p>\n<\/td>\n<\/tr>\n<tr>\n<td style=\"width: 45px;\">\n<p><strong>15<\/strong><\/p>\n<\/td>\n<td style=\"width: 302px;\">\n<p><strong>JF Imperadores<\/strong><\/p>\n<\/td>\n<td style=\"width: 229px;\">\n<p><strong>Futebol Americano<\/strong><\/p>\n<\/td>\n<\/tr>\n<tr>\n<td style=\"width: 45px;\">\n<p><strong>16<\/strong><\/p>\n<\/td>\n<td style=\"width: 302px;\">\n<p><strong>Leonardo Santana da Silva<\/strong><\/p>\n<\/td>\n<td style=\"width: 229px;\">\n<p><strong>Futsal<\/strong><\/p>\n<\/td>\n<\/tr>\n<tr>\n<td style=\"width: 45px;\">\n<p><strong>17<\/strong><\/p>\n<\/td>\n<td style=\"width: 302px;\">\n<p><strong>Lorena Evangelista de Souza<\/strong><\/p>\n<\/td>\n<td style=\"width: 229px;\">\n<p><strong>Nata\u00e7\u00e3o<\/strong><\/p>\n<\/td>\n<\/tr>\n<tr>\n<td style=\"width: 45px;\">\n<p><strong>18<\/strong><\/p>\n<\/td>\n<td style=\"width: 302px;\">\n<p><strong>Luiz Mauricio Dias<\/strong><\/p>\n<\/td>\n<td style=\"width: 229px;\">\n<p><strong>Atletismo<\/strong><\/p>\n<\/td>\n<\/tr>\n<tr>\n<td style=\"width: 45px;\">\n<p><strong>19<\/strong><\/p>\n<\/td>\n<td style=\"width: 302px;\">\n<p><strong>Marcelo Carvalho Vangasse <\/strong><\/p>\n<\/td>\n<td style=\"width: 229px;\">\n<p><strong>Arbitragem<\/strong><\/p>\n<\/td>\n<\/tr>\n<tr>\n<td style=\"width: 45px;\">\n<p><strong>20<\/strong><\/p>\n<\/td>\n<td style=\"width: 302px;\">\n<p><strong>Maur\u00edcio Carvalho\/Aulus Seccadio<\/strong><\/p>\n<\/td>\n<td style=\"width: 229px;\">\n<p><strong>Futev\u00f4lei<\/strong><\/p>\n<\/td>\n<\/tr>\n<tr>\n<td style=\"width: 45px;\">\n<p><strong>21<\/strong><\/p>\n<\/td>\n<td style=\"width: 302px;\">\n<p><strong>Betinho Inhan<\/strong><\/p>\n<\/td>\n<td style=\"width: 229px;\">\n<p><strong>Atleta do Passado<\/strong><\/p>\n<\/td>\n<\/tr>\n<tr>\n<td style=\"width: 45px;\">\n<p><strong>22<\/strong><\/p>\n<\/td>\n<td style=\"width: 302px;\">\n<p><strong>Pedro Henrique de Oliveira<\/strong><\/p>\n<\/td>\n<td style=\"width: 229px;\">\n<p><strong>Atletismo<\/strong><\/p>\n<\/td>\n<\/tr>\n<tr>\n<td style=\"width: 45px;\">\n<p><strong>23<\/strong><\/p>\n<\/td>\n<td style=\"width: 302px;\">\n<p><strong>Plasc<\/strong><\/p>\n<\/td>\n<td style=\"width: 229px;\">\n<p><strong>Incentivo ao Esporte<\/strong><\/p>\n<\/td>\n<\/tr>\n<tr>\n<td style=\"width: 45px;\">\n<p><strong>24<\/strong><\/p>\n<\/td>\n<td style=\"width: 302px;\">\n<p><strong>Raphaela Diesse<\/strong><\/p>\n<\/td>\n<td style=\"width: 229px;\">\n<p><strong>Atletismo<\/strong><\/p>\n<\/td>\n<\/tr>\n<tr>\n<td style=\"width: 45px;\">\n<p><strong>25<\/strong><\/p>\n<\/td>\n<td style=\"width: 302px;\">\n<p><strong>Rodrigo Ribeiro Rezende<\/strong><\/p>\n<\/td>\n<td style=\"width: 229px;\">\n<p><strong>Gin\u00e1stica de Trampolim<\/strong><\/p>\n<\/td>\n<\/tr>\n<\/tbody>\n<\/table>\n<p><strong>&nbsp;<\/strong><\/p>\n","protected":false},"excerpt":{"rendered":"<p>Chegou um momentos dos mais aguardados ao final de cada temporada esportiva: o M\u00e9rito Esportivo Panathlon 2017, iniciativa do Panathlon Club Juiz de Fora.&nbsp;O evento \u00e9 somente para convidados e est\u00e1 previsto para o dia 7 de dezembro, \u00e0s 19h30, no AABB Juiz de Fora. &nbsp;&nbsp;&nbsp; Um clube de peso &nbsp;&nbsp;&nbsp;&nbsp; A maior e mais [&hellip;]<\/p>\n","protected":false},"author":96,"featured_media":86292,"comment_status":"closed","ping_status":"closed","sticky":false,"template":"","format":"standard","meta":{"footnotes":""},"categories":[257],"tags":[],"class_list":["post-86293","post","type-post","status-publish","format-standard","has-post-thumbnail","hentry","category-esporte"],"_links":{"self":[{"href":"https:\/\/diarioregionaldigital.com.br\/index.php?rest_route=\/wp\/v2\/posts\/86293","targetHints":{"allow":["GET"]}}],"collection":[{"href":"https:\/\/diarioregionaldigital.com.br\/index.php?rest_route=\/wp\/v2\/posts"}],"about":[{"href":"https:\/\/diarioregionaldigital.com.br\/index.php?rest_route=\/wp\/v2\/types\/post"}],"author":[{"embeddable":true,"href":"https:\/\/diarioregionaldigital.com.br\/index.php?rest_route=\/wp\/v2\/users\/96"}],"replies":[{"embeddable":true,"href":"https:\/\/diarioregionaldigital.com.br\/index.php?rest_route=%2Fwp%2Fv2%2Fcomments&post=86293"}],"version-history":[{"count":0,"href":"https:\/\/diarioregionaldigital.com.br\/index.php?rest_route=\/wp\/v2\/posts\/86293\/revisions"}],"wp:featuredmedia":[{"embeddable":true,"href":"https:\/\/diarioregionaldigital.com.br\/index.php?rest_route=\/wp\/v2\/media\/86292"}],"wp:attachment":[{"href":"https:\/\/diarioregionaldigital.com.br\/index.php?rest_route=%2Fwp%2Fv2%2Fmedia&parent=86293"}],"wp:term":[{"taxonomy":"category","embeddable":true,"href":"https:\/\/diarioregionaldigital.com.br\/index.php?rest_route=%2Fwp%2Fv2%2Fcategories&post=86293"},{"taxonomy":"post_tag","embeddable":true,"href":"https:\/\/diarioregionaldigital.com.br\/index.php?rest_route=%2Fwp%2Fv2%2Ftags&post=86293"}],"curies":[{"name":"wp","href":"https:\/\/api.w.org\/{rel}","templated":true}]}}