{"id":86280,"date":"2017-11-28T22:14:44","date_gmt":"2017-11-29T00:14:44","guid":{"rendered":"http:\/\/diarioregionaljf.com.br\/2017\/11\/28\/empresarios-esperam-crescimento-economico-em-2018\/"},"modified":"2017-11-28T22:14:44","modified_gmt":"2017-11-29T00:14:44","slug":"empresarios-esperam-crescimento-economico-em-2018","status":"publish","type":"post","link":"https:\/\/diarioregionaldigital.com.br\/?p=86280","title":{"rendered":"Empres\u00e1rios esperam crescimento econ\u00f4mico em 2018"},"content":{"rendered":"<p>2017 \u00e9 um ano de estagna\u00e7\u00e3o econ\u00f4mica, em que as empresas pouco evolu\u00edram. Apesar das expectativas de que o Produto Interno Bruto (PIB) volte a crescer em 2018, para se tornar grande e\/ou competitivas, os empres\u00e1rios precisam agir com cautela e paci\u00eancia. Por mais que a economia j\u00e1 apresente sinais de recupera\u00e7\u00e3o neste resto de ano, especialistas apontam que, al\u00e9m de estar preparado \u00e9 preciso inovar.<\/p>\n<p>Para que haja uma transforma\u00e7\u00e3o no cen\u00e1rio econ\u00f4mico, \u00e9 muito importante estar pr\u00f3ximo do p\u00fablico-alvo e conhec\u00ea-lo. \u201cDe uma maneira geral, as empresas, em todos os setores, est\u00e3o muito longe dos seus consumidores e isso \u00e9 ruim. O cliente mudou muito, est\u00e1 informado, exigente, e pouco leal \u00e0 marca. \u00c9 fundamental se aproximar e conhecer o que o consumidor valoriza em um determinado produto. At\u00e9 mesmo quem atua no ramo do com\u00e9rcio eletr\u00f4nico, se elas n\u00e3o sabem das emo\u00e7\u00f5es que est\u00e3o em jogo, elas n\u00e3o conseguem inovar e sobreviver\u201d, afirma Valter Pieracciani, S\u00f3cio-diretor da Pieracciani desenvolvimento de empresas.<\/p>\n<p>A dica tamb\u00e9m \u00e9 v\u00e1lida para quem est\u00e1 come\u00e7ando. Conforme Pieracciani \u00e9 preciso ser oportunista e entender a necessidade do consumidor. \u201cAs startups est\u00e3o tendo muito sucesso, em especial no Brasil, que \u00e9 um pa\u00eds forte no segmento. Cerca de 340 empresas foram compradas pelo capital estrangeiro. Elas obt\u00eam sucesso, pois nascem a partir de necessidades espec\u00edficas do consumidor. Os aplicativos, os servi\u00e7os que s\u00e3o criados, os produtos e solu\u00e7\u00f5es apresentados v\u00eam de encontro aquilo que as pessoas querem\u201d, refor\u00e7a.<\/p>\n<p>Muitas s\u00e3o as tend\u00eancias para 2018, mas \u00e9 preciso investir. \u201cA \u2018economia grisalha\u2019 \u00e9 um mercado que est\u00e1 se consolidando cada vez mais. S\u00e3o pessoas de 48 a 56 anos, que possuem alto poder aquisitivo, exig\u00eancia em rela\u00e7\u00f5es a seus produtos e querem ser atendidos na sua demanda. O pa\u00eds est\u00e1 come\u00e7ando a entender isso. Outra alternativa \u00e9 o uso de dados para conseguir compreender o ciclo de produ\u00e7\u00e3o e venda, o estoque, definir o lan\u00e7amento de cole\u00e7\u00f5es no caso de empresas de confec\u00e7\u00e3o, cuidar do relacionamento com os clientes, algo que vai ter grande acelera\u00e7\u00e3o no pr\u00f3ximo ano. S\u00e3o in\u00fameras as oportunidades, mas os empres\u00e1rios t\u00eam que estar atentos. No campo das emo\u00e7\u00f5es, da inova\u00e7\u00e3o, o Brasil \u00e9 muito forte e tem chances de competir globalmente com outros pa\u00edses\u201d, disse.<\/p>\n<p>SETOR DE ALIMENTA\u00c7\u00c3O SE DESTACA<\/p>\n<p>Conforme o presidente da Associa\u00e7\u00e3o Comercial e Empresarial de Juiz de Fora (ACEJF), Alo\u00edsio Vasconcelos Barbosa, das cerca de 15 mil empresas ativas na cidade, as que mais se destacaram foram as do ramo aliment\u00edcio. \u201cAs demais passam por uma fase dif\u00edcil. Se realizarmos uma pesquisa com os lojistas podemos perceber que a situa\u00e7\u00e3o n\u00e3o \u00e9 das melhores. J\u00e1 o setor de alimenta\u00e7\u00e3o, que envolve os supermercados, as lanchonetes e restaurante foi o que mais se beneficiou com a situa\u00e7\u00e3o, muito em fun\u00e7\u00e3o do fato de que os alimentos s\u00e3o vitais na vida das pessoas\u201d, explica.<\/p>\n<p>Outra atividade que cresceu foi a do microempreendedor individual, embora, na vis\u00e3o de Barbosa, eles representem pouco na economia local. \u201cN\u00e3o temos n\u00fameros concretos, mas cresceu. Logicamente, que a legisla\u00e7\u00e3o beneficia e estimula o surgimento da categoria. Tamb\u00e9m \u00e9 a chance de os empres\u00e1rios sa\u00edrem da informalidade, mas \u00e9 um aspecto que pouco representa em nossa economia\u201d, afirma.<br \/>A expectativa para 2018 segundo o presidente da ACEJF, \u00e9 que, aos poucos, os empres\u00e1rios sa\u00edram da crise. De acordo com as proje\u00e7\u00f5es da Organiza\u00e7\u00e3o para a Coopera\u00e7\u00e3o e Desenvolvimento Econ\u00f4mico (OCDE), a estimativa para a expans\u00e3o do PIB \u00e9 de 1,9%. Para a OCDE, em 2019 a economia brasileira vai crescer mais, chegando a 2,3%. Em 2016, a economia brasileira registrou retra\u00e7\u00e3o de 3,6%.<\/p>\n","protected":false},"excerpt":{"rendered":"<p>2017 \u00e9 um ano de estagna\u00e7\u00e3o econ\u00f4mica, em que as empresas pouco evolu\u00edram. Apesar das expectativas de que o Produto Interno Bruto (PIB) volte a crescer em 2018, para se tornar grande e\/ou competitivas, os empres\u00e1rios precisam agir com cautela e paci\u00eancia. Por mais que a economia j\u00e1 apresente sinais de recupera\u00e7\u00e3o neste resto de [&hellip;]<\/p>\n","protected":false},"author":96,"featured_media":0,"comment_status":"closed","ping_status":"closed","sticky":false,"template":"","format":"standard","meta":{"footnotes":""},"categories":[253],"tags":[],"class_list":["post-86280","post","type-post","status-publish","format-standard","hentry","category-cidade"],"_links":{"self":[{"href":"https:\/\/diarioregionaldigital.com.br\/index.php?rest_route=\/wp\/v2\/posts\/86280","targetHints":{"allow":["GET"]}}],"collection":[{"href":"https:\/\/diarioregionaldigital.com.br\/index.php?rest_route=\/wp\/v2\/posts"}],"about":[{"href":"https:\/\/diarioregionaldigital.com.br\/index.php?rest_route=\/wp\/v2\/types\/post"}],"author":[{"embeddable":true,"href":"https:\/\/diarioregionaldigital.com.br\/index.php?rest_route=\/wp\/v2\/users\/96"}],"replies":[{"embeddable":true,"href":"https:\/\/diarioregionaldigital.com.br\/index.php?rest_route=%2Fwp%2Fv2%2Fcomments&post=86280"}],"version-history":[{"count":0,"href":"https:\/\/diarioregionaldigital.com.br\/index.php?rest_route=\/wp\/v2\/posts\/86280\/revisions"}],"wp:attachment":[{"href":"https:\/\/diarioregionaldigital.com.br\/index.php?rest_route=%2Fwp%2Fv2%2Fmedia&parent=86280"}],"wp:term":[{"taxonomy":"category","embeddable":true,"href":"https:\/\/diarioregionaldigital.com.br\/index.php?rest_route=%2Fwp%2Fv2%2Fcategories&post=86280"},{"taxonomy":"post_tag","embeddable":true,"href":"https:\/\/diarioregionaldigital.com.br\/index.php?rest_route=%2Fwp%2Fv2%2Ftags&post=86280"}],"curies":[{"name":"wp","href":"https:\/\/api.w.org\/{rel}","templated":true}]}}