{"id":86279,"date":"2017-11-28T21:39:18","date_gmt":"2017-11-28T23:39:18","guid":{"rendered":"http:\/\/diarioregionaljf.com.br\/2017\/11\/28\/ufjf-oferece-500-vagas-para-pos-graduacao-a-distancia\/"},"modified":"2017-11-28T21:39:18","modified_gmt":"2017-11-28T23:39:18","slug":"ufjf-oferece-500-vagas-para-pos-graduacao-a-distancia","status":"publish","type":"post","link":"https:\/\/diarioregionaldigital.com.br\/?p=86279","title":{"rendered":"UFJF oferece 500 vagas para p\u00f3s-gradua\u00e7\u00e3o \u00e0 dist\u00e2ncia"},"content":{"rendered":"<p>Est\u00e3o abertas as inscri\u00e7\u00f5es para especializa\u00e7\u00f5es em diversas \u00e1reas do Centro de Educa\u00e7\u00e3o a Dist\u00e2ncia (Cead) da Universidade Federal de Juiz de Fora (UFJF). S\u00e3o disponibilizadas um total de 500 vagas, nos polos de apoio presencial da Universidade Aberta do Brasil (UAB). Os editais publicados disponibilizam 150 vagas para Ensino de Artes Visuais; 150 para Educa\u00e7\u00e3o Inclusiva em Contextos Escolares; 100 para Conhecimentos Tradicionais e Pr\u00e1ticas Escolares na Educa\u00e7\u00e3o B\u00e1sica; e, ainda, 100 vagas para Hist\u00f3ria e Cultura no Brasil Contempor\u00e2neo, cada curso em polos espec\u00edficos.<\/p>\n<p>O link para as inscri\u00e7\u00f5es e os editais completos est\u00e3o dispon\u00edveis no <a href=\"http:\/\/www.cead.ufjf.br\/\" target=\"_blank\" rel=\"noopener noreferrer\">site do Cead\/UFJF<\/a> .<\/p>\n<p>&nbsp;<\/p>\n<h4>ENSINO DE ARTES VISUAIS<\/h4>\n<p>De acordo com o edital, a <a href=\"http:\/\/www.cead.ufjf.br\/edital\/abertas-as-inscricoes-para-a-especializacao-em-ensino-de-artes-visuais\/\" target=\"_blank\" rel=\"noopener noreferrer\">Especializa\u00e7\u00e3o em Ensino de Artes Visuais<\/a> visa a estimular pr\u00e1ticas contempor\u00e2neas no ensino e na aprendizagem da arte na educa\u00e7\u00e3o b\u00e1sica a partir dos processos de cria\u00e7\u00e3o, da est\u00e9tica do cotidiano, da cultura visual, da interculturalidade e da media\u00e7\u00e3o cultural, explorando suas resson\u00e2ncias no ensino e aprendizagem da arte na escola e para al\u00e9m dela. Al\u00e9m disso, o curso tem como objetivo colaborar para que docentes que n\u00e3o possuam uma forma\u00e7\u00e3o especifica em Artes Visuais possam compreender a import\u00e2ncia e a pot\u00eancia da arte na educa\u00e7\u00e3o.<\/p>\n<p>&nbsp;<\/p>\n<h4>EDUCA\u00c7\u00c3O INCLUSIVA EM CONTEXTOS ESCOLARES<\/h4>\n<p>O curso tem como objetivo instrumentalizar os participantes para uma atua\u00e7\u00e3o inclusiva frente \u00e0 diversidade, buscando romper com as barreiras atitudinais que impedem uma conviv\u00eancia mais solid\u00e1ria e humana na escola e na sociedade, sabendo fazer uso de recursos de tecnologia assistiva, comunica\u00e7\u00e3o alternativa, adapta\u00e7\u00f5es curriculares e outras formas de atendimento educacional especializado voltado aos alunos com defici\u00eancia e ou outras necessidades educativas especiais. A <a href=\"http:\/\/www.cead.ufjf.br\/edital\/divulgado-edital-para-a-especializacao-em-educacao-inclusiva-em-contextos-escolares\/\" target=\"_blank\" rel=\"noopener noreferrer\">Especializa\u00e7\u00e3o em Educa\u00e7\u00e3o Inclusiva em Contextos Escolares<\/a> \u00e9 destinada preferencialmente para docentes que est\u00e3o atuando em sala de aula regular.<\/p>\n<p>&nbsp;<\/p>\n<h4>CONHECIMENTOS TRADICIONAIS E PR\u00c1TICAS ESCOLARES NA EDUCA\u00c7\u00c3O B\u00c1SICA<\/h4>\n<p>A especializa\u00e7\u00e3o \u00e9 destinada preferencialmente para docentes que est\u00e3o atuando em sala de aula regular na Rede P\u00fablica. O <a href=\"http:\/\/www.cead.ufjf.br\/edital\/lancado-edital-de-selecao-de-alunos-para-a-especializacao-em-conhecimentos-tradicionais-e-praticas-escolares-na-educacao-basica\/\" target=\"_blank\" rel=\"noopener noreferrer\">curso<\/a> tem como objetivo abordar quest\u00f5es relacionadas aos conhecimentos, culturas e territorialidades dos povos tradicionais dentro da escola nas diversas s\u00e9ries do ensino fundamental e m\u00e9dio.<\/p>\n<p>&nbsp;<\/p>\n<h4>HIST\u00d3RIA E CULTURA NO BRASIL CONTEMPOR\u00c2NEO<\/h4>\n<p>O Curso de <a href=\"http:\/\/www.cead.ufjf.br\/edital\/inscricoes-abertas-para-a-especializacao-em-historia-e-cultura-no-brasil-contemporaneo\/\" target=\"_blank\" rel=\"noopener noreferrer\">Especializa\u00e7\u00e3o em Hist\u00f3ria e Cultura no Brasil Contempor\u00e2neo<\/a> tem por objetivo desenvolver compet\u00eancias nos professores da rede p\u00fablica e privada de ensino fundamental e m\u00e9dio para a compreens\u00e3o dos dom\u00ednios da Hist\u00f3ria Contempor\u00e2nea, com \u00eanfase na Hist\u00f3ria Cultural e do Brasil.<\/p>\n<p>&nbsp;<\/p>\n<p>Fonte: Assessoria<\/p>\n","protected":false},"excerpt":{"rendered":"<p>Est\u00e3o abertas as inscri\u00e7\u00f5es para especializa\u00e7\u00f5es em diversas \u00e1reas do Centro de Educa\u00e7\u00e3o a Dist\u00e2ncia (Cead) da Universidade Federal de Juiz de Fora (UFJF). S\u00e3o disponibilizadas um total de 500 vagas, nos polos de apoio presencial da Universidade Aberta do Brasil (UAB). Os editais publicados disponibilizam 150 vagas para Ensino de Artes Visuais; 150 para [&hellip;]<\/p>\n","protected":false},"author":96,"featured_media":86278,"comment_status":"closed","ping_status":"closed","sticky":false,"template":"","format":"standard","meta":{"footnotes":""},"categories":[280],"tags":[],"class_list":["post-86279","post","type-post","status-publish","format-standard","has-post-thumbnail","hentry","category-concurso"],"_links":{"self":[{"href":"https:\/\/diarioregionaldigital.com.br\/index.php?rest_route=\/wp\/v2\/posts\/86279","targetHints":{"allow":["GET"]}}],"collection":[{"href":"https:\/\/diarioregionaldigital.com.br\/index.php?rest_route=\/wp\/v2\/posts"}],"about":[{"href":"https:\/\/diarioregionaldigital.com.br\/index.php?rest_route=\/wp\/v2\/types\/post"}],"author":[{"embeddable":true,"href":"https:\/\/diarioregionaldigital.com.br\/index.php?rest_route=\/wp\/v2\/users\/96"}],"replies":[{"embeddable":true,"href":"https:\/\/diarioregionaldigital.com.br\/index.php?rest_route=%2Fwp%2Fv2%2Fcomments&post=86279"}],"version-history":[{"count":0,"href":"https:\/\/diarioregionaldigital.com.br\/index.php?rest_route=\/wp\/v2\/posts\/86279\/revisions"}],"wp:featuredmedia":[{"embeddable":true,"href":"https:\/\/diarioregionaldigital.com.br\/index.php?rest_route=\/wp\/v2\/media\/86278"}],"wp:attachment":[{"href":"https:\/\/diarioregionaldigital.com.br\/index.php?rest_route=%2Fwp%2Fv2%2Fmedia&parent=86279"}],"wp:term":[{"taxonomy":"category","embeddable":true,"href":"https:\/\/diarioregionaldigital.com.br\/index.php?rest_route=%2Fwp%2Fv2%2Fcategories&post=86279"},{"taxonomy":"post_tag","embeddable":true,"href":"https:\/\/diarioregionaldigital.com.br\/index.php?rest_route=%2Fwp%2Fv2%2Ftags&post=86279"}],"curies":[{"name":"wp","href":"https:\/\/api.w.org\/{rel}","templated":true}]}}