{"id":86277,"date":"2017-11-28T21:00:12","date_gmt":"2017-11-28T23:00:12","guid":{"rendered":"http:\/\/diarioregionaljf.com.br\/2017\/11\/28\/mesas-de-natal-i\/"},"modified":"2017-11-28T21:00:12","modified_gmt":"2017-11-28T23:00:12","slug":"mesas-de-natal-i","status":"publish","type":"post","link":"https:\/\/diarioregionaldigital.com.br\/?p=86277","title":{"rendered":"\u201cMesas de Natal I\u201d"},"content":{"rendered":"<p style=\"text-align: center;\"><span class=\"h4\">Carnaval JF\/2018<\/span><br \/>Com um banho de Bar, ser\u00e1 no dia 2 de dezembro, a partir das 13h, na Pra\u00e7a Ant\u00f4nio Carlos, o in\u00edcio da prepara\u00e7\u00e3o para o Carnaval &#8211; 2018, em Juiz de Fora. Para o evento haver\u00e1 apresenta\u00e7\u00e3o do CD Banda Daki, apresenta\u00e7\u00e3o do enredo Beco 2018 (Dudu Maravilha) e presen\u00e7as que fazem o carnaval de rua acontecer. \u00d4ba!<\/p>\n<p style=\"text-align: center;\"><span class=\"h4\">Atualidade<\/span><br \/>O Ritz Plaza Hotel ser\u00e1 cen\u00e1rio, nos dias 8 e 9 de dezembro, para o Congresso de Gerenciamento de Projetos Aprenda com os Melhores. Haver\u00e1 Workshops sobre Gerenciamento para DevOps com Heinz Neverman Zamorano e SP e PM Cavas com Farhad Abdalla Lyan.<\/p>\n<p style=\"text-align: center;\"><span class=\"h4\">Mais Caro<\/span><br \/>O reajuste m\u00e9dio dos medicamentos, que ocorrer\u00e1 em mar\u00e7o, ser\u00e1 de 2,83%, de acordo com uma simula\u00e7\u00e3o do Sindicato da Ind\u00fastria Farmac\u00eautica feita a partir de dados oficiais. Com tanta gente doente, \u00e9 uma p\u00e9ssima not\u00edcia.<\/p>\n<p style=\"text-align: center;\"><span class=\"h4\">Cariocando<\/span><br \/>Convite chega do Rio dando conta que na 6\u00aa feira, 1\u00ba, a Escola de Artes Visuais, do Parque Lage, realiza uma noite beneficente para arrecadar recursos para seus programas e bolsas de estudo para alunos de baixa renda. Vai ter show de M\u00e3eana, de Marc Kraus e del\u00edcias do chef Pedro de Artag\u00e3o. Os ingressos custam R$1.200, e os ricos podem apoiar.<\/p>\n<p style=\"text-align: center;\"><span class=\"h4\">Bahia<\/span><br \/>Maria Oiticica viajou a Ilh\u00e9us para conhecer o programa Ouro Verde Bahia, que a Michelin mant\u00e9m na regi\u00e3o. A partir da experi\u00eancia, a designer de biojoias criou a cole\u00e7\u00e3o Origem, com colares e brincos produzidos com sementes de seringueira, com ouro e brilhantes. Para 2018, ela lan\u00e7ar\u00e1 pe\u00e7as em madeira. Um luxo!<\/p>\n<p style=\"text-align: center;\"><span class=\"h3\">\u201cMesas de Natal I\u201d<\/span><br \/>Tendo como cen\u00e1rio o Marcellu\u2019s Aero, foi realizado o evento \u201cMesas de Natal\u201d com renda para a Ascomcer. A bonita decora\u00e7\u00e3o em flores de Toninho Aleixo e a boa-m\u00fasica de M\u00e1rio Terror fizeram contraponto para o delicioso coquetel e jantar assinado por Tizinha Andrade. As fotos registram, hoje e amanh\u00e3, presen\u00e7as chiques.<\/p>\n<p style=\"text-align: center;\"><img decoding=\"async\" class=\" size-full wp-image-86263\" src=\"http:\/\/diarioregionaljf.com.br\/wp-content\/uploads\/2017\/11\/diario-int-21678-1.JPG\" alt=\"FOTOA.JPG\" width=\"680\" style=\"display: block; margin-left: auto; margin-right: auto;\" srcset=\"https:\/\/diarioregionaldigital.com.br\/wp-content\/uploads\/2017\/11\/diario-int-21678-1.JPG 680w, https:\/\/diarioregionaldigital.com.br\/wp-content\/uploads\/2017\/11\/diario-int-21678-1-300x199.jpg 300w, https:\/\/diarioregionaldigital.com.br\/wp-content\/uploads\/2017\/11\/diario-int-21678-1-360x238.jpg 360w\" sizes=\"(max-width: 680px) 100vw, 680px\" \/>A presidente da Ascomcer Alessandra Sampaio ladeada de Lucas Sampaio, Cl\u00e1udia Oliveira, Dirceu Sousa, Maria Ant\u00f4nia Sampaio e Matheus Sampaio<\/p>\n<p style=\"text-align: center;\"><img decoding=\"async\" class=\" size-full wp-image-86264\" src=\"http:\/\/diarioregionaljf.com.br\/wp-content\/uploads\/2017\/11\/diario-int-21678-2.JPG\" alt=\"FOTOB.JPG\" width=\"680\" style=\"display: block; margin-left: auto; margin-right: auto;\" srcset=\"https:\/\/diarioregionaldigital.com.br\/wp-content\/uploads\/2017\/11\/diario-int-21678-2.JPG 680w, https:\/\/diarioregionaldigital.com.br\/wp-content\/uploads\/2017\/11\/diario-int-21678-2-300x199.jpg 300w, https:\/\/diarioregionaldigital.com.br\/wp-content\/uploads\/2017\/11\/diario-int-21678-2-360x238.jpg 360w\" sizes=\"(max-width: 680px) 100vw, 680px\" \/>Veru Campos e H\u00e9lida Fracetti<\/p>\n<p style=\"text-align: center;\"><img decoding=\"async\" class=\" size-full wp-image-86265\" src=\"http:\/\/diarioregionaljf.com.br\/wp-content\/uploads\/2017\/11\/diario-int-21678-3.jpg\" alt=\"FOTOCC.jpg\" width=\"680\" style=\"display: block; margin-left: auto; margin-right: auto;\" srcset=\"https:\/\/diarioregionaldigital.com.br\/wp-content\/uploads\/2017\/11\/diario-int-21678-3.jpg 680w, https:\/\/diarioregionaldigital.com.br\/wp-content\/uploads\/2017\/11\/diario-int-21678-3-300x199.jpg 300w, https:\/\/diarioregionaldigital.com.br\/wp-content\/uploads\/2017\/11\/diario-int-21678-3-360x238.jpg 360w\" sizes=\"(max-width: 680px) 100vw, 680px\" \/>Dr. Ciro Silva, \u00c2ngela Silva, Arly Queiros Salles e Val\u00e9ria Salles<\/p>\n<p style=\"text-align: center;\"><img decoding=\"async\" class=\" size-full wp-image-86266\" src=\"http:\/\/diarioregionaljf.com.br\/wp-content\/uploads\/2017\/11\/diario-int-21678-4.JPG\" alt=\"FOTOD.JPG\" width=\"680\" style=\"display: block; margin-left: auto; margin-right: auto;\" srcset=\"https:\/\/diarioregionaldigital.com.br\/wp-content\/uploads\/2017\/11\/diario-int-21678-4.JPG 680w, https:\/\/diarioregionaldigital.com.br\/wp-content\/uploads\/2017\/11\/diario-int-21678-4-300x199.jpg 300w, https:\/\/diarioregionaldigital.com.br\/wp-content\/uploads\/2017\/11\/diario-int-21678-4-360x238.jpg 360w\" sizes=\"(max-width: 680px) 100vw, 680px\" \/>Patr\u00edcia Alvim, D\u00e9bora Daldegan, Renata Martinez, Bebeth Cruz<\/p>\n<p style=\"text-align: center;\"><img decoding=\"async\" class=\" size-full wp-image-86267\" src=\"http:\/\/diarioregionaljf.com.br\/wp-content\/uploads\/2017\/11\/diario-int-21678-5.jpg\" alt=\"FOTODD.jpg\" width=\"680\" style=\"display: block; margin-left: auto; margin-right: auto;\" srcset=\"https:\/\/diarioregionaldigital.com.br\/wp-content\/uploads\/2017\/11\/diario-int-21678-5.jpg 680w, https:\/\/diarioregionaldigital.com.br\/wp-content\/uploads\/2017\/11\/diario-int-21678-5-300x199.jpg 300w, https:\/\/diarioregionaldigital.com.br\/wp-content\/uploads\/2017\/11\/diario-int-21678-5-360x238.jpg 360w\" sizes=\"(max-width: 680px) 100vw, 680px\" \/>C\u00e9lia Maria, Sonia Parma, Martha Barros, Elvira Ces\u00e1rio<\/p>\n<p style=\"text-align: center;\"><img decoding=\"async\" class=\" size-full wp-image-86268\" src=\"http:\/\/diarioregionaljf.com.br\/wp-content\/uploads\/2017\/11\/diario-int-21678-6.JPG\" alt=\"FOTOE.JPG\" width=\"680\" style=\"display: block; margin-left: auto; margin-right: auto;\" srcset=\"https:\/\/diarioregionaldigital.com.br\/wp-content\/uploads\/2017\/11\/diario-int-21678-6.JPG 680w, https:\/\/diarioregionaldigital.com.br\/wp-content\/uploads\/2017\/11\/diario-int-21678-6-300x199.jpg 300w, https:\/\/diarioregionaldigital.com.br\/wp-content\/uploads\/2017\/11\/diario-int-21678-6-360x238.jpg 360w\" sizes=\"(max-width: 680px) 100vw, 680px\" \/>M\u00e1rcia Figueiredo Mendes, Eduardo Gomes, Elaine Cruz<\/p>\n<p style=\"text-align: center;\"><img decoding=\"async\" class=\" size-full wp-image-86269\" src=\"http:\/\/diarioregionaljf.com.br\/wp-content\/uploads\/2017\/11\/diario-int-21678-7.JPG\" alt=\"FOTOEE.JPG\" width=\"680\" style=\"display: block; margin-left: auto; margin-right: auto;\" srcset=\"https:\/\/diarioregionaldigital.com.br\/wp-content\/uploads\/2017\/11\/diario-int-21678-7.JPG 680w, https:\/\/diarioregionaldigital.com.br\/wp-content\/uploads\/2017\/11\/diario-int-21678-7-300x199.jpg 300w, https:\/\/diarioregionaldigital.com.br\/wp-content\/uploads\/2017\/11\/diario-int-21678-7-360x238.jpg 360w\" sizes=\"(max-width: 680px) 100vw, 680px\" \/>Jaine Rose dos Santos, Regina Denny, Iris Rachid, Iracema Guedes<\/p>\n<p style=\"text-align: center;\"><img decoding=\"async\" class=\" size-full wp-image-86270\" src=\"http:\/\/diarioregionaljf.com.br\/wp-content\/uploads\/2017\/11\/diario-int-21678-8.JPG\" alt=\"FOTOF.JPG\" width=\"680\" style=\"display: block; margin-left: auto; margin-right: auto;\" srcset=\"https:\/\/diarioregionaldigital.com.br\/wp-content\/uploads\/2017\/11\/diario-int-21678-8.JPG 680w, https:\/\/diarioregionaldigital.com.br\/wp-content\/uploads\/2017\/11\/diario-int-21678-8-300x199.jpg 300w, https:\/\/diarioregionaldigital.com.br\/wp-content\/uploads\/2017\/11\/diario-int-21678-8-360x238.jpg 360w\" sizes=\"(max-width: 680px) 100vw, 680px\" \/>Coronel Noguchi, Gemma Brand\u00e3o, Francis Noguchi e Ana Teresa Macedo<\/p>\n<p style=\"text-align: center;\"><img decoding=\"async\" class=\" size-full wp-image-86271\" src=\"http:\/\/diarioregionaljf.com.br\/wp-content\/uploads\/2017\/11\/diario-int-21678-9.JPG\" alt=\"FOTOFF.JPG\" width=\"680\" style=\"display: block; margin-left: auto; margin-right: auto;\" srcset=\"https:\/\/diarioregionaldigital.com.br\/wp-content\/uploads\/2017\/11\/diario-int-21678-9.JPG 680w, https:\/\/diarioregionaldigital.com.br\/wp-content\/uploads\/2017\/11\/diario-int-21678-9-266x300.jpg 266w, https:\/\/diarioregionaldigital.com.br\/wp-content\/uploads\/2017\/11\/diario-int-21678-9-360x407.jpg 360w\" sizes=\"(max-width: 680px) 100vw, 680px\" \/>Mar\u00edlia Mello<\/p>\n<p style=\"text-align: center;\"><img decoding=\"async\" class=\" size-full wp-image-86272\" src=\"http:\/\/diarioregionaljf.com.br\/wp-content\/uploads\/2017\/11\/diario-int-21678-10.JPG\" alt=\"FOTOG.JPG\" width=\"680\" style=\"display: block; margin-left: auto; margin-right: auto;\" srcset=\"https:\/\/diarioregionaldigital.com.br\/wp-content\/uploads\/2017\/11\/diario-int-21678-10.JPG 680w, https:\/\/diarioregionaldigital.com.br\/wp-content\/uploads\/2017\/11\/diario-int-21678-10-300x199.jpg 300w, https:\/\/diarioregionaldigital.com.br\/wp-content\/uploads\/2017\/11\/diario-int-21678-10-360x238.jpg 360w\" sizes=\"(max-width: 680px) 100vw, 680px\" \/>Cleacy Ladeira, Eduardo Gomes, Verinha Ludolf e Carlos Henrique Batitucci<\/p>\n<p style=\"text-align: center;\"><img decoding=\"async\" class=\" size-full wp-image-86273\" src=\"http:\/\/diarioregionaljf.com.br\/wp-content\/uploads\/2017\/11\/diario-int-21678-11.JPG\" alt=\"FOTOH.JPG\" width=\"680\" style=\"display: block; margin-left: auto; margin-right: auto;\" srcset=\"https:\/\/diarioregionaldigital.com.br\/wp-content\/uploads\/2017\/11\/diario-int-21678-11.JPG 680w, https:\/\/diarioregionaldigital.com.br\/wp-content\/uploads\/2017\/11\/diario-int-21678-11-300x199.jpg 300w, https:\/\/diarioregionaldigital.com.br\/wp-content\/uploads\/2017\/11\/diario-int-21678-11-360x238.jpg 360w\" sizes=\"(max-width: 680px) 100vw, 680px\" \/>\u00c2ngela Turolla e Lu\u00eds Del Duca Brand\u00e3o<\/p>\n<p style=\"text-align: center;\"><img decoding=\"async\" class=\" size-full wp-image-86274\" src=\"http:\/\/diarioregionaljf.com.br\/wp-content\/uploads\/2017\/11\/diario-int-21678-12.JPG\" alt=\"FOTOI.JPG\" width=\"680\" style=\"display: block; margin-left: auto; margin-right: auto;\" srcset=\"https:\/\/diarioregionaldigital.com.br\/wp-content\/uploads\/2017\/11\/diario-int-21678-12.JPG 680w, https:\/\/diarioregionaldigital.com.br\/wp-content\/uploads\/2017\/11\/diario-int-21678-12-300x199.jpg 300w, https:\/\/diarioregionaldigital.com.br\/wp-content\/uploads\/2017\/11\/diario-int-21678-12-360x238.jpg 360w\" sizes=\"(max-width: 680px) 100vw, 680px\" \/>Gra\u00e7a Loures, Eliana Lamha, Eduardo Gomes e M\u00f4nica Gomide Guimar\u00e3es<\/p>\n<p style=\"text-align: center;\"><img decoding=\"async\" class=\" size-full wp-image-86275\" src=\"http:\/\/diarioregionaljf.com.br\/wp-content\/uploads\/2017\/11\/diario-int-21678-13.JPG\" alt=\"FOTOJ.JPG\" width=\"680\" style=\"display: block; margin-left: auto; margin-right: auto;\" srcset=\"https:\/\/diarioregionaldigital.com.br\/wp-content\/uploads\/2017\/11\/diario-int-21678-13.JPG 680w, https:\/\/diarioregionaldigital.com.br\/wp-content\/uploads\/2017\/11\/diario-int-21678-13-300x190.jpg 300w, https:\/\/diarioregionaldigital.com.br\/wp-content\/uploads\/2017\/11\/diario-int-21678-13-360x228.jpg 360w, https:\/\/diarioregionaldigital.com.br\/wp-content\/uploads\/2017\/11\/diario-int-21678-13-490x310.jpg 490w\" sizes=\"(max-width: 680px) 100vw, 680px\" \/>Leonor Carneiro, Vera Ganimi, Eduardo Gomes e Ana Teresa Macedo<\/p>\n<p style=\"text-align: center;\"><img decoding=\"async\" class=\" size-full wp-image-86276\" src=\"http:\/\/diarioregionaljf.com.br\/wp-content\/uploads\/2017\/11\/diario-int-21678-14.JPG\" alt=\"FOTOL.JPG\" width=\"680\" style=\"display: block; margin-left: auto; margin-right: auto;\" srcset=\"https:\/\/diarioregionaldigital.com.br\/wp-content\/uploads\/2017\/11\/diario-int-21678-14.JPG 680w, https:\/\/diarioregionaldigital.com.br\/wp-content\/uploads\/2017\/11\/diario-int-21678-14-300x199.jpg 300w, https:\/\/diarioregionaldigital.com.br\/wp-content\/uploads\/2017\/11\/diario-int-21678-14-360x238.jpg 360w\" sizes=\"(max-width: 680px) 100vw, 680px\" \/>Vereador Marlon Siqueira, vice-prefeito Ant\u00f4nio Almas, secret\u00e1rio Jos\u00e9 Soter Figueiroa e Paulo Gutierrez<\/p>\n<p class=\"h4\" style=\"text-align: center;\">FOTOSS\u00cdNTESE<\/p>\n<p>A Hiato-Ambiente de Arte est\u00e1 apresentando a primeira edi\u00e7\u00e3o do \u2018Mercado de Arte Lampejo\u2019, reunindo oito artistas emergentes do cen\u00e1rio local. Dentre eles, Mariana Proc\u00f3pio, Guilherme Melich, Ingryd Lamas, Daniel Razr, Thiago Brito, Henrique Gon\u00e7alves e Dalton Carvalho.<\/p>\n<p>Com seu alto astral, o Palha\u00e7o Fuzil comunica que est\u00e1 mobilizando uns e outros para a campanha de Natal da ONG. As doa\u00e7\u00f5es podem ser feitas at\u00e9 o dia 15 de dezembro e est\u00e1 recolhendo brinquedos novos, fraldas, materiais de higiene pessoal, leite, biscoito, caf\u00e9 e roupas.<\/p>\n<p>Em estilo solidariedade total, a Igreja Adventista do S\u00e9timo Dia (ASA) est\u00e1 promovendo o Mutir\u00e3o de Natal. O convite engloba: Voc\u00ea+A\u00e7\u00e3o=Algu\u00e9m Feliz.<\/p>\n<p>O presidente da Unimed\/JF Hugo Borges e o diretor Glauco Corr\u00eaa de Ara\u00fajo assinaram acordo de intercoopera\u00e7\u00e3o com a presidente da Uniodonto, Magali de Freitas Maciel, fazendo da Unimed Dental ganhos efetivos na qualidade de vida.<\/p>\n<p>Os alunos do Ateli\u00ea Marcelo Casali est\u00e3o sendo motivos de elogios na exposi\u00e7\u00e3o \u201cDiversidades\u201d, no Espa\u00e7o Cultural Correios. Cerca de 50 trabalhos de jovens e adultos mostram quadros com pinturas a \u00f3leo, com t\u00e9cnicas variadas.<\/p>\n<p>Ex-ministro de Sa\u00fade, Jos\u00e9 Gomes Tempor\u00e3o, esteve em Juiz de Fora. Falou no I Col\u00f3quio de Pesquisa do Programa de P\u00f3s-gradua\u00e7\u00e3o em Comunica\u00e7\u00e3o da UFJF sobre os desafios e perspectivas SUS.<\/p>\n<p>Para refletir: Nem sempre \u00e9 f\u00e1cil distinguir a intui\u00e7\u00e3o da fantasia. O importante \u00e9 fazer nossa parte. Isso faz uma grande diferen\u00e7a. Bom dia.<\/p>\n","protected":false},"excerpt":{"rendered":"<p>Carnaval JF\/2018Com um banho de Bar, ser\u00e1 no dia 2 de dezembro, a partir das 13h, na Pra\u00e7a Ant\u00f4nio Carlos, o in\u00edcio da prepara\u00e7\u00e3o para o Carnaval &#8211; 2018, em Juiz de Fora. Para o evento haver\u00e1 apresenta\u00e7\u00e3o do CD Banda Daki, apresenta\u00e7\u00e3o do enredo Beco 2018 (Dudu Maravilha) e presen\u00e7as que fazem o carnaval [&hellip;]<\/p>\n","protected":false},"author":96,"featured_media":86262,"comment_status":"closed","ping_status":"closed","sticky":false,"template":"","format":"standard","meta":{"footnotes":""},"categories":[264],"tags":[],"class_list":["post-86277","post","type-post","status-publish","format-standard","has-post-thumbnail","hentry","category-eduardo-gomes"],"_links":{"self":[{"href":"https:\/\/diarioregionaldigital.com.br\/index.php?rest_route=\/wp\/v2\/posts\/86277","targetHints":{"allow":["GET"]}}],"collection":[{"href":"https:\/\/diarioregionaldigital.com.br\/index.php?rest_route=\/wp\/v2\/posts"}],"about":[{"href":"https:\/\/diarioregionaldigital.com.br\/index.php?rest_route=\/wp\/v2\/types\/post"}],"author":[{"embeddable":true,"href":"https:\/\/diarioregionaldigital.com.br\/index.php?rest_route=\/wp\/v2\/users\/96"}],"replies":[{"embeddable":true,"href":"https:\/\/diarioregionaldigital.com.br\/index.php?rest_route=%2Fwp%2Fv2%2Fcomments&post=86277"}],"version-history":[{"count":0,"href":"https:\/\/diarioregionaldigital.com.br\/index.php?rest_route=\/wp\/v2\/posts\/86277\/revisions"}],"wp:featuredmedia":[{"embeddable":true,"href":"https:\/\/diarioregionaldigital.com.br\/index.php?rest_route=\/wp\/v2\/media\/86262"}],"wp:attachment":[{"href":"https:\/\/diarioregionaldigital.com.br\/index.php?rest_route=%2Fwp%2Fv2%2Fmedia&parent=86277"}],"wp:term":[{"taxonomy":"category","embeddable":true,"href":"https:\/\/diarioregionaldigital.com.br\/index.php?rest_route=%2Fwp%2Fv2%2Fcategories&post=86277"},{"taxonomy":"post_tag","embeddable":true,"href":"https:\/\/diarioregionaldigital.com.br\/index.php?rest_route=%2Fwp%2Fv2%2Ftags&post=86277"}],"curies":[{"name":"wp","href":"https:\/\/api.w.org\/{rel}","templated":true}]}}