{"id":86261,"date":"2017-11-28T20:31:21","date_gmt":"2017-11-28T22:31:21","guid":{"rendered":"http:\/\/diarioregionaljf.com.br\/2017\/11\/28\/governo-de-minas-gerais-autoriza-realizacao-de-concurso-para-a-educacao\/"},"modified":"2017-11-28T20:31:21","modified_gmt":"2017-11-28T22:31:21","slug":"governo-de-minas-gerais-autoriza-realizacao-de-concurso-para-a-educacao","status":"publish","type":"post","link":"https:\/\/diarioregionaldigital.com.br\/?p=86261","title":{"rendered":"Governo de Minas Gerais autoriza realiza\u00e7\u00e3o de concurso para a Educa\u00e7\u00e3o"},"content":{"rendered":"<p>A Comiss\u00e3o de Or\u00e7amento e Finan\u00e7as, da Secretaria de Estado de Planejamento e Gest\u00e3o de Minas Gerais (Seplag), autorizou a realiza\u00e7\u00e3o de concurso p\u00fablico para o provimento de 16 mil vagas para o cargo de Professor de Educa\u00e7\u00e3o B\u00e1sica Regente de Aula (professores de disciplinas) e 700 vagas para o cargo de Especialista em Educa\u00e7\u00e3o B\u00e1sica.<\/p>\n<p>As vagas v\u00e3o abarcar todas as 47 Superintend\u00eancias Regionais de Ensino do Estado. O edital de concurso e o termo de refer\u00eancia para a contrata\u00e7\u00e3o de empresa j\u00e1 est\u00e3o em fase de elabora\u00e7\u00e3o pela Seplag.<\/p>\n<p>Para a secret\u00e1ria de Estado de Educa\u00e7\u00e3o, Maca\u00e9 Evaristo, a realiza\u00e7\u00e3o de concurso p\u00fablico na Educa\u00e7\u00e3o vai ao encontro da pol\u00edtica de valoriza\u00e7\u00e3o do servidor e traz consequ\u00eancias positivas para a qualidade da Educa\u00e7\u00e3o. \u201cQuando assumimos a gest\u00e3o, em 2015, t\u00ednhamos um quadro de pessoal no qual menos de 1\/3 era de servidores efetivos. Com grande esfor\u00e7o, chegamos agora em 2017 \u00e0 marca de mais de 50 mil servidores nomeados. Em algumas carreiras, como a de professor, o \u00edndice de efetivos chega a 42%; mas em outras j\u00e1 ultrapassamos os 70% de efetivos. S\u00e3o dados que devem ser comemorados, porque n\u00e3o h\u00e1 d\u00favida que v\u00e3o impactar positivamente no desenvolvimento de nossos estudantes\u201d, ressalta Maca\u00e9.<\/p>\n<p>\u201cEste novo concurso vem se juntar a essa nossa pol\u00edtica de valoriza\u00e7\u00e3o do servidor e vai contribuir para que, no ano que vem, a gente consiga a maioria de servidores efetivos no conjunto das carreiras da Educa\u00e7\u00e3o\u201d, afirma a secret\u00e1ria.<\/p>\n<p>&nbsp;<\/p>\n<p>Fonte: Assessoria<\/p>\n","protected":false},"excerpt":{"rendered":"<p>A Comiss\u00e3o de Or\u00e7amento e Finan\u00e7as, da Secretaria de Estado de Planejamento e Gest\u00e3o de Minas Gerais (Seplag), autorizou a realiza\u00e7\u00e3o de concurso p\u00fablico para o provimento de 16 mil vagas para o cargo de Professor de Educa\u00e7\u00e3o B\u00e1sica Regente de Aula (professores de disciplinas) e 700 vagas para o cargo de Especialista em Educa\u00e7\u00e3o [&hellip;]<\/p>\n","protected":false},"author":96,"featured_media":86260,"comment_status":"closed","ping_status":"closed","sticky":false,"template":"","format":"standard","meta":{"footnotes":""},"categories":[280],"tags":[],"class_list":["post-86261","post","type-post","status-publish","format-standard","has-post-thumbnail","hentry","category-concurso"],"_links":{"self":[{"href":"https:\/\/diarioregionaldigital.com.br\/index.php?rest_route=\/wp\/v2\/posts\/86261","targetHints":{"allow":["GET"]}}],"collection":[{"href":"https:\/\/diarioregionaldigital.com.br\/index.php?rest_route=\/wp\/v2\/posts"}],"about":[{"href":"https:\/\/diarioregionaldigital.com.br\/index.php?rest_route=\/wp\/v2\/types\/post"}],"author":[{"embeddable":true,"href":"https:\/\/diarioregionaldigital.com.br\/index.php?rest_route=\/wp\/v2\/users\/96"}],"replies":[{"embeddable":true,"href":"https:\/\/diarioregionaldigital.com.br\/index.php?rest_route=%2Fwp%2Fv2%2Fcomments&post=86261"}],"version-history":[{"count":0,"href":"https:\/\/diarioregionaldigital.com.br\/index.php?rest_route=\/wp\/v2\/posts\/86261\/revisions"}],"wp:featuredmedia":[{"embeddable":true,"href":"https:\/\/diarioregionaldigital.com.br\/index.php?rest_route=\/wp\/v2\/media\/86260"}],"wp:attachment":[{"href":"https:\/\/diarioregionaldigital.com.br\/index.php?rest_route=%2Fwp%2Fv2%2Fmedia&parent=86261"}],"wp:term":[{"taxonomy":"category","embeddable":true,"href":"https:\/\/diarioregionaldigital.com.br\/index.php?rest_route=%2Fwp%2Fv2%2Fcategories&post=86261"},{"taxonomy":"post_tag","embeddable":true,"href":"https:\/\/diarioregionaldigital.com.br\/index.php?rest_route=%2Fwp%2Fv2%2Ftags&post=86261"}],"curies":[{"name":"wp","href":"https:\/\/api.w.org\/{rel}","templated":true}]}}