{"id":86259,"date":"2017-11-28T20:07:04","date_gmt":"2017-11-28T22:07:04","guid":{"rendered":"http:\/\/diarioregionaljf.com.br\/2017\/11\/28\/conselho-cobra-agilidade-da-pjf-no-lancamento-do-edital-de-chamamento-publico-para-entidades-que-auxiliam-pessoas-com-deficiencia\/"},"modified":"2017-11-28T20:07:04","modified_gmt":"2017-11-28T22:07:04","slug":"conselho-cobra-agilidade-da-pjf-no-lancamento-do-edital-de-chamamento-publico-para-entidades-que-auxiliam-pessoas-com-deficiencia","status":"publish","type":"post","link":"https:\/\/diarioregionaldigital.com.br\/?p=86259","title":{"rendered":"Conselho cobra agilidade da PJF no lan\u00e7amento do edital de chamamento p\u00fablico para entidades que auxiliam pessoas com defici\u00eancia"},"content":{"rendered":"<p>Integrantes do Conselho Municipal da Pessoa com Defici\u00eancia (CMDPD) est\u00e3o pleiteando maior agilidade por parte da Prefeitura de Juiz de Fora (PJF) para o lan\u00e7amento do edital de chamamento p\u00fablico, que celebrar\u00e1 conv\u00eanios com entidades civis representativas da Pessoa com Defici\u00eancia (PCD). Em fun\u00e7\u00e3o da demora, na pr\u00f3xima quinta-feira, 30, o CMDPD se reunir\u00e1 para debater alternativas e tra\u00e7ar o planejamento para o pr\u00f3ximo ano.<\/p>\n<p>De acordo com um dos membros do conselho, Vin\u00edcius Soares Arede, a maioria dos conv\u00eanios com a PJF se encerra no fim do ano. A lentid\u00e3o na publica\u00e7\u00e3o do edital interfere na organiza\u00e7\u00e3o das institui\u00e7\u00f5es para participar do chamamento, e tamb\u00e9m pode significar a interrup\u00e7\u00e3o de suas atividades. \u201cS\u00e3o entidades que prestam um belo trabalho na cidade, auxiliando a pessoa com defici\u00eancia. Por\u00e9m, a demora no chamamento implica no planejamento de 2018\u201d, ressalta.<\/p>\n<p>Segundo ele, o CMDPD entrou procurou a Secretaria de Desenvolvimento Social (SDS) da PJF para saber a real situa\u00e7\u00e3o e a pasta informou que somente ir\u00e1 se manifestar entre os dias 6 e 7 de dezembro. \u201c\u00c9 disso que a gente est\u00e1 com medo. Se a convoca\u00e7\u00e3o n\u00e3o for a favor dessas entidades, elas correm o risco de ter suas atividades paralisadas, o que causaria grande impacto para Juiz de Fora\u201d, disse.<\/p>\n<p>De acordo com a assessoria da SDS, sete institui\u00e7\u00f5es que atuam junto \u00e0s pessoas com defici\u00eancia est\u00e3o conveniadas \u00e0 PJF e recebem recursos p\u00fablicos para suas atividades. Com rela\u00e7\u00e3o ao edital, a pasta afirma que ele j\u00e1 foi enviado para publica\u00e7\u00e3o e ser\u00e1<br \/>publicado a qualquer momento. O chamamento p\u00fablico \u00e9 realizado em cumprimento \u00e0 Lei Federal 13.019\/2014, considerada o Marco Regulat\u00f3rio das Organiza\u00e7\u00f5es da Sociedade Civil (MROSC).<\/p>\n","protected":false},"excerpt":{"rendered":"<p>Integrantes do Conselho Municipal da Pessoa com Defici\u00eancia (CMDPD) est\u00e3o pleiteando maior agilidade por parte da Prefeitura de Juiz de Fora (PJF) para o lan\u00e7amento do edital de chamamento p\u00fablico, que celebrar\u00e1 conv\u00eanios com entidades civis representativas da Pessoa com Defici\u00eancia (PCD). Em fun\u00e7\u00e3o da demora, na pr\u00f3xima quinta-feira, 30, o CMDPD se reunir\u00e1 para [&hellip;]<\/p>\n","protected":false},"author":96,"featured_media":86258,"comment_status":"closed","ping_status":"closed","sticky":false,"template":"","format":"standard","meta":{"footnotes":""},"categories":[253],"tags":[],"class_list":["post-86259","post","type-post","status-publish","format-standard","has-post-thumbnail","hentry","category-cidade"],"_links":{"self":[{"href":"https:\/\/diarioregionaldigital.com.br\/index.php?rest_route=\/wp\/v2\/posts\/86259","targetHints":{"allow":["GET"]}}],"collection":[{"href":"https:\/\/diarioregionaldigital.com.br\/index.php?rest_route=\/wp\/v2\/posts"}],"about":[{"href":"https:\/\/diarioregionaldigital.com.br\/index.php?rest_route=\/wp\/v2\/types\/post"}],"author":[{"embeddable":true,"href":"https:\/\/diarioregionaldigital.com.br\/index.php?rest_route=\/wp\/v2\/users\/96"}],"replies":[{"embeddable":true,"href":"https:\/\/diarioregionaldigital.com.br\/index.php?rest_route=%2Fwp%2Fv2%2Fcomments&post=86259"}],"version-history":[{"count":0,"href":"https:\/\/diarioregionaldigital.com.br\/index.php?rest_route=\/wp\/v2\/posts\/86259\/revisions"}],"wp:featuredmedia":[{"embeddable":true,"href":"https:\/\/diarioregionaldigital.com.br\/index.php?rest_route=\/wp\/v2\/media\/86258"}],"wp:attachment":[{"href":"https:\/\/diarioregionaldigital.com.br\/index.php?rest_route=%2Fwp%2Fv2%2Fmedia&parent=86259"}],"wp:term":[{"taxonomy":"category","embeddable":true,"href":"https:\/\/diarioregionaldigital.com.br\/index.php?rest_route=%2Fwp%2Fv2%2Fcategories&post=86259"},{"taxonomy":"post_tag","embeddable":true,"href":"https:\/\/diarioregionaldigital.com.br\/index.php?rest_route=%2Fwp%2Fv2%2Ftags&post=86259"}],"curies":[{"name":"wp","href":"https:\/\/api.w.org\/{rel}","templated":true}]}}