{"id":86257,"date":"2017-11-28T20:02:26","date_gmt":"2017-11-28T22:02:26","guid":{"rendered":"http:\/\/diarioregionaljf.com.br\/2017\/11\/28\/comissao-da-camara-analisa-parecer-sobre-mudancas-em-planos-de-saude\/"},"modified":"2017-11-28T20:02:26","modified_gmt":"2017-11-28T22:02:26","slug":"comissao-da-camara-analisa-parecer-sobre-mudancas-em-planos-de-saude","status":"publish","type":"post","link":"https:\/\/diarioregionaldigital.com.br\/?p=86257","title":{"rendered":"Comiss\u00e3o da C\u00e2mara analisa parecer sobre mudan\u00e7as em planos de sa\u00fade"},"content":{"rendered":"<p>A Comiss\u00e3o Especial dos Planos de Sa\u00fade re\u00fane-se nesta quarta-feira, 29, para discuss\u00e3o e vota\u00e7\u00e3o da proposta que cria um novo marco legal para o funcionamento de planos de sa\u00fade suplementar no Pa\u00eds (Projeto de Lei 7419\/06 e apensados).<\/p>\n<p>A vota\u00e7\u00e3o estava prevista para o \u00faltimo dia 8, mas os deputados pediram mais tempo para analisar as mudan\u00e7as previstas no substitutivo apresentado pelo relator, deputado Rog\u00e9rio Marinho (PSDB-RN), ap\u00f3s o exame de cerca de 150 propostas para altera\u00e7\u00e3o na atual Lei dos Planos de Sa\u00fade (9.656\/98).<\/p>\n<p>Entre as altera\u00e7\u00f5es propostas pelo relator est\u00e3o multas mais brandas para as operadoras; parcelamento em cinco vezes do reajuste aplicado hoje a benefici\u00e1rios que completam 59 anos de idade; e redu\u00e7\u00e3o das garantias patrimoniais exigidas das empresas do setor.<\/p>\n<p>O texto tamb\u00e9m assegura cobertura a acompanhante de idoso, de parturiente e de pessoa com defici\u00eancia; permite a inscri\u00e7\u00e3o, como dependente, de filho em processo de ado\u00e7\u00e3o ou de menor sob guarda; e prev\u00ea o direito \u00e0 repara\u00e7\u00e3o por atos cir\u00fargicos realizados com a cobertura do plano de sa\u00fade.<\/p>\n<p>&nbsp;<\/p>\n<h4>TRAMITA\u00c7\u00c3O<\/h4>\n<p>Como um dos projetos tramita em regime de urg\u00eancia, n\u00e3o ser\u00e1 permitida vista nem apresenta\u00e7\u00e3o de emendas ao parecer, sendo aceitas apenas sugest\u00f5es, que poder\u00e3o ou n\u00e3o ser acatadas por Marinho.<\/p>\n<p>A reuni\u00e3o est\u00e1 marcada para as 14h30, em local a ser definido.<\/p>\n<p>&nbsp;<\/p>\n<p>Fonte: Ag\u00eancia C\u00e2mara Not\u00edcias<\/p>\n","protected":false},"excerpt":{"rendered":"<p>A Comiss\u00e3o Especial dos Planos de Sa\u00fade re\u00fane-se nesta quarta-feira, 29, para discuss\u00e3o e vota\u00e7\u00e3o da proposta que cria um novo marco legal para o funcionamento de planos de sa\u00fade suplementar no Pa\u00eds (Projeto de Lei 7419\/06 e apensados). A vota\u00e7\u00e3o estava prevista para o \u00faltimo dia 8, mas os deputados pediram mais tempo para [&hellip;]<\/p>\n","protected":false},"author":96,"featured_media":0,"comment_status":"closed","ping_status":"closed","sticky":false,"template":"","format":"standard","meta":{"footnotes":""},"categories":[254],"tags":[],"class_list":["post-86257","post","type-post","status-publish","format-standard","hentry","category-politica"],"_links":{"self":[{"href":"https:\/\/diarioregionaldigital.com.br\/index.php?rest_route=\/wp\/v2\/posts\/86257","targetHints":{"allow":["GET"]}}],"collection":[{"href":"https:\/\/diarioregionaldigital.com.br\/index.php?rest_route=\/wp\/v2\/posts"}],"about":[{"href":"https:\/\/diarioregionaldigital.com.br\/index.php?rest_route=\/wp\/v2\/types\/post"}],"author":[{"embeddable":true,"href":"https:\/\/diarioregionaldigital.com.br\/index.php?rest_route=\/wp\/v2\/users\/96"}],"replies":[{"embeddable":true,"href":"https:\/\/diarioregionaldigital.com.br\/index.php?rest_route=%2Fwp%2Fv2%2Fcomments&post=86257"}],"version-history":[{"count":0,"href":"https:\/\/diarioregionaldigital.com.br\/index.php?rest_route=\/wp\/v2\/posts\/86257\/revisions"}],"wp:attachment":[{"href":"https:\/\/diarioregionaldigital.com.br\/index.php?rest_route=%2Fwp%2Fv2%2Fmedia&parent=86257"}],"wp:term":[{"taxonomy":"category","embeddable":true,"href":"https:\/\/diarioregionaldigital.com.br\/index.php?rest_route=%2Fwp%2Fv2%2Fcategories&post=86257"},{"taxonomy":"post_tag","embeddable":true,"href":"https:\/\/diarioregionaldigital.com.br\/index.php?rest_route=%2Fwp%2Fv2%2Ftags&post=86257"}],"curies":[{"name":"wp","href":"https:\/\/api.w.org\/{rel}","templated":true}]}}