{"id":86256,"date":"2017-11-28T19:51:48","date_gmt":"2017-11-28T21:51:48","guid":{"rendered":"http:\/\/diarioregionaljf.com.br\/2017\/11\/28\/joesley-fica-em-silencio-na-cpmi-da-jbs\/"},"modified":"2017-11-28T19:51:48","modified_gmt":"2017-11-28T21:51:48","slug":"joesley-fica-em-silencio-na-cpmi-da-jbs","status":"publish","type":"post","link":"https:\/\/diarioregionaldigital.com.br\/?p=86256","title":{"rendered":"Joesley fica em sil\u00eancio na CPMI da JBS"},"content":{"rendered":"<p>Convocado para prestar esclarecimentos em audi\u00eancia conjunta da CPMI da JBS e da CPI do BNDES (Senado), o empres\u00e1rio Joesley Batista, controlador do grupo J&amp;F, seguiu a orienta\u00e7\u00e3o de seus advogados e n\u00e3o respondeu \u00e0s perguntas dos parlamentares.<\/p>\n<p>Assim que o presidente do colegiado, senador At\u00e1ides Oliveira (PSDB-TO) passou a palavra a Joesley Batista, o advogado Ticiano Figueiredo esclareceu, conforme j\u00e1 havia feito em of\u00edcio enviado \u00e0s CPIs na semana passada, que \u201cressaltado a situa\u00e7\u00e3o jur\u00eddica\u201d, ele n\u00e3o responderia a nenhuma pergunta, respaldado pelo direito constitucional de permanecer calado.<\/p>\n<p>Preso desde setembro por determina\u00e7\u00e3o do Supremo Tribunal Federal (STF), Joesley Batista chegou ao Senado pouco depois das 8h escoltado por agentes da Pol\u00edcia Federal e acompanhado por seus advogados. At\u00e9 come\u00e7ar a reuni\u00e3o ele permaneceu aguardando em uma sala isolada. A estrat\u00e9gia do executivo, de permanecer em sil\u00eancio, foi a mesma adotada pelo irm\u00e3o Wesley Batista e pelos ex-diretores da J&amp;F Ricardo Saud e Francisco de Assis e Silva, que j\u00e1 estiveram no Senado.<\/p>\n<p>&nbsp;<\/p>\n<h4>PR\u00d3XIMOS PASSOS<\/h4>\n<p>O depoimento de Joesley era considerado um dos mais importantes pelos parlamentares. Outra oitiva considerada chave pelo senador Ata\u00eddes Oliveira \u00e9 a do ex-chefe de gabinete do ex-procurador-geral da Rep\u00fablica Rodrigo Janot, Eduardo Pelella.<\/p>\n<p>O depoimento de Pelella estava marcado para o dia 22 de novembro, mas n\u00e3o ocorreu porque um mandado de seguran\u00e7a, impetrado pela procuradora-geral da Rep\u00fablica, Raquel Dodge, no Supremo Tribunal Federal (STF) para suspender a convoca\u00e7\u00e3o, foi deferido pelo ministro Dias Toffoli.<\/p>\n<p>Na decis\u00e3o, Toffoli tamb\u00e9m deu prazo de dez dias para que o presidente da CPMI da JBS, senador Ata\u00eddes Oliveira (PSDB-TO), prestasse informa\u00e7\u00f5es sobre a convoca\u00e7\u00e3o de Pelella. \u201cEstamos pedindo que ele [Toffoli] reconsidere ou que ele leve a decis\u00e3o ao plen\u00e1rio porque penso que \u00e9 de grande valia para n\u00f3s ouvir Eduardo Pelella\u201d, disse Ata\u00eddes ao esclarecer que a advocacia do Senado j\u00e1 enviou as explica\u00e7\u00f5es ao ministro.<\/p>\n<p>A convoca\u00e7\u00e3o de Pelella pela CPI da JBS foi aprovada depois que ele recusou receber os assessores da comiss\u00e3o e o presidente do colegiado.<\/p>\n<p>&nbsp;<\/p>\n<p>Fonte: Ag\u00eancia Brasil<\/p>\n","protected":false},"excerpt":{"rendered":"<p>Convocado para prestar esclarecimentos em audi\u00eancia conjunta da CPMI da JBS e da CPI do BNDES (Senado), o empres\u00e1rio Joesley Batista, controlador do grupo J&amp;F, seguiu a orienta\u00e7\u00e3o de seus advogados e n\u00e3o respondeu \u00e0s perguntas dos parlamentares. Assim que o presidente do colegiado, senador At\u00e1ides Oliveira (PSDB-TO) passou a palavra a Joesley Batista, o [&hellip;]<\/p>\n","protected":false},"author":96,"featured_media":86255,"comment_status":"closed","ping_status":"closed","sticky":false,"template":"","format":"standard","meta":{"footnotes":""},"categories":[254],"tags":[],"class_list":["post-86256","post","type-post","status-publish","format-standard","has-post-thumbnail","hentry","category-politica"],"_links":{"self":[{"href":"https:\/\/diarioregionaldigital.com.br\/index.php?rest_route=\/wp\/v2\/posts\/86256","targetHints":{"allow":["GET"]}}],"collection":[{"href":"https:\/\/diarioregionaldigital.com.br\/index.php?rest_route=\/wp\/v2\/posts"}],"about":[{"href":"https:\/\/diarioregionaldigital.com.br\/index.php?rest_route=\/wp\/v2\/types\/post"}],"author":[{"embeddable":true,"href":"https:\/\/diarioregionaldigital.com.br\/index.php?rest_route=\/wp\/v2\/users\/96"}],"replies":[{"embeddable":true,"href":"https:\/\/diarioregionaldigital.com.br\/index.php?rest_route=%2Fwp%2Fv2%2Fcomments&post=86256"}],"version-history":[{"count":0,"href":"https:\/\/diarioregionaldigital.com.br\/index.php?rest_route=\/wp\/v2\/posts\/86256\/revisions"}],"wp:featuredmedia":[{"embeddable":true,"href":"https:\/\/diarioregionaldigital.com.br\/index.php?rest_route=\/wp\/v2\/media\/86255"}],"wp:attachment":[{"href":"https:\/\/diarioregionaldigital.com.br\/index.php?rest_route=%2Fwp%2Fv2%2Fmedia&parent=86256"}],"wp:term":[{"taxonomy":"category","embeddable":true,"href":"https:\/\/diarioregionaldigital.com.br\/index.php?rest_route=%2Fwp%2Fv2%2Fcategories&post=86256"},{"taxonomy":"post_tag","embeddable":true,"href":"https:\/\/diarioregionaldigital.com.br\/index.php?rest_route=%2Fwp%2Fv2%2Ftags&post=86256"}],"curies":[{"name":"wp","href":"https:\/\/api.w.org\/{rel}","templated":true}]}}